{"id":5752,"date":"2025-07-14T18:26:12","date_gmt":"2025-07-14T18:26:12","guid":{"rendered":"https:\/\/energyregulationquarterly.ca\/?p=5752"},"modified":"2025-07-14T18:26:12","modified_gmt":"2025-07-14T18:26:12","slug":"federal-legislative-authority-in-relation-to-oil-and-gas-development-in-canada-an-overview","status":"publish","type":"post","link":"https:\/\/energyregulationquarterly.ca\/fr\/articles\/federal-legislative-authority-in-relation-to-oil-and-gas-development-in-canada-an-overview","title":{"rendered":"Pouvoirs l\u00e9gislatifs du gouvernement f\u00e9d\u00e9ral en ce qui concerne l\u2019exploitation de p\u00e9trole et de gaz naturel au Canada\u00a0: survol"},"content":{"rendered":"<p><\/p>\n<p class=\"MsoNormal\" style=\"font-style: normal; font-variant-ligatures: normal; font-variant-caps: normal; font-weight: 400; letter-spacing: normal; orphans: 2; text-indent: 0px; text-transform: none; widows: 2; word-spacing: 0px; -webkit-text-stroke-width: 0px; white-space: normal; text-decoration-thickness: initial; text-decoration-style: initial; text-decoration-color: initial; break-after: avoid; vertical-align: middle;\"><b><span lang=\"FR-CA\" style=\"text-transform: uppercase; letter-spacing: 0.1pt;\">INTRODUCTION<\/span><\/b><\/p>\n<p class=\"MsoNormal\" style=\"font-style: normal; font-variant-ligatures: normal; font-variant-caps: normal; font-weight: 400; letter-spacing: normal; orphans: 2; text-indent: 0px; text-transform: none; widows: 2; word-spacing: 0px; -webkit-text-stroke-width: 0px; white-space: normal; text-decoration-thickness: initial; text-decoration-style: initial; text-decoration-color: initial; vertical-align: middle;\"><span lang=\"FR-CA\" style=\"letter-spacing: 0.1pt;\">E<\/span><span lang=\"FR-CA\" style=\"letter-spacing: 0.1pt;\">n ce moment au Canada, il y a un grand d\u00e9bat public et une grande incertitude quant au caract\u00e8re avis\u00e9 et \u00e0 la validit\u00e9 des lois et r\u00e8glements f\u00e9d\u00e9raux qui touchent l\u2019exploitation p\u00e9troli\u00e8re et gazi\u00e8re. Le pr\u00e9sent article, qui s\u2019inspire d\u2019un rapport plus long pr\u00e9par\u00e9 pour l\u2019Institut international du d\u00e9veloppement durable\u00a0(\u00ab\u00a0IIDD\u00a0\u00bb)<sup><a title=\"\" href=\"#_ftn1\" name=\"_ftnref1\">[1]<\/a><\/sup>, propose une br\u00e8ve discussion sur la question de savoir quand et comment le gouvernement f\u00e9d\u00e9ral du Canada peut r\u00e8glementer ce genre d\u2019exploitation. Comme nous l\u2019expliquons plus loin, bien que les assembl\u00e9es l\u00e9gislatives provinciales jouissent d\u2019un vaste pouvoir l\u00e9gislatif en ce qui a trait \u00e0 l\u2019exploitation des ressources p\u00e9troli\u00e8res et gazi\u00e8res \u00e0 l\u2019int\u00e9rieur des limites de leur territoire de comp\u00e9tence, le Parlement \u2014 et par son interm\u00e9diaire, le gouvernement f\u00e9d\u00e9ral au pouvoir \u2014 peut \u00e9galement adopter des lois et des r\u00e8glements concernant les aspects de l\u2019exploitation p\u00e9troli\u00e8re et gazi\u00e8re qui rel\u00e8vent de la comp\u00e9tence f\u00e9d\u00e9rale. En effet, l\u2019exploitation p\u00e9troli\u00e8re et gazi\u00e8re peut mobiliser plus d\u2019une douzaine de cat\u00e9gories de pouvoirs l\u00e9gislatifs f\u00e9d\u00e9raux, directement ou indirectement. L\u2019exploitation du p\u00e9trole et du gaz naturel sur le territoire domanial, au large des c\u00f4tes et dans les r\u00e9serves autochtones, ainsi que le transport et l\u2019exportation de la ressource par l\u2019interm\u00e9diaire des corridors interprovinciaux et internationaux, sont autant d\u2019activit\u00e9s qui rel\u00e8vent directement de la comp\u00e9tence l\u00e9gislative f\u00e9d\u00e9rale. Indirectement, ce genre d\u2019exploitation fait intervenir la comp\u00e9tence f\u00e9d\u00e9rale en ce qui concerne les questions de la navigation, des p\u00eaches, des Autochtones et leurs int\u00e9r\u00eats fonciers (notamment dans les r\u00e9serves, mais aussi au-del\u00e0), de la pollution transfrontali\u00e8re de l\u2019eau et des oiseaux migrateurs, et certaines questions li\u00e9es aux changements climatiques. L\u2019exploitation p\u00e9troli\u00e8re et gazi\u00e8re est \u00e9galement touch\u00e9e par l\u2019exercice de la comp\u00e9tence f\u00e9d\u00e9rale en mati\u00e8re d\u2019imposition, de d\u00e9penses, de brevets, de faillite et d\u2019insolvabilit\u00e9.<\/span><\/p>\n<p class=\"MsoNormal\" style=\"font-style: normal; font-variant-ligatures: normal; font-variant-caps: normal; font-weight: 400; letter-spacing: normal; orphans: 2; text-indent: 0px; text-transform: none; widows: 2; word-spacing: 0px; -webkit-text-stroke-width: 0px; white-space: normal; text-decoration-thickness: initial; text-decoration-style: initial; text-decoration-color: initial; vertical-align: middle;\"><span lang=\"FR-CA\" style=\"letter-spacing: 0.1pt;\">Le pr\u00e9sent article est structur\u00e9 de la fa\u00e7on suivante\u00a0: la partie I traite du principe g\u00e9n\u00e9ral du f\u00e9d\u00e9ralisme au sein de l\u2019\u00c9tat canadien, tandis que la partie\u00a0II \u00e9nonce les r\u00e8gles qu\u2019appliquent les tribunaux canadiens quand ils \u00e9valuent la validit\u00e9 constitutionnelle d\u2019une loi ou d\u2019un r\u00e8glement donn\u00e9 (f\u00e9d\u00e9ral ou provincial). La partie\u00a0III r\u00e9sume les r\u00e8gles et les principes qui r\u00e9gissent neuf sources pertinentes de comp\u00e9tence l\u00e9gislative du gouvernement f\u00e9d\u00e9ral. L\u2019article se conclut par la partie\u00a0IV.<\/span><\/p>\n<p class=\"MsoNormal\" style=\"font-style: normal; font-variant-ligatures: normal; font-variant-caps: normal; font-weight: 400; letter-spacing: normal; orphans: 2; text-indent: 0px; text-transform: none; widows: 2; word-spacing: 0px; -webkit-text-stroke-width: 0px; white-space: normal; text-decoration-thickness: initial; text-decoration-style: initial; text-decoration-color: initial; break-after: avoid; vertical-align: middle;\"><b><span lang=\"FR-CA\" style=\"text-transform: uppercase; letter-spacing: 0.1pt;\">PARTIE\u00a0I\u00a0: PRINCIPES G\u00c9N\u00c9RAUX DU F\u00c9D\u00c9RALISME<\/span><\/b><\/p>\n<p class=\"MsoNormal\" style=\"font-style: normal; font-variant-ligatures: normal; font-variant-caps: normal; font-weight: 400; letter-spacing: normal; orphans: 2; text-indent: 0px; text-transform: none; widows: 2; word-spacing: 0px; -webkit-text-stroke-width: 0px; white-space: normal; text-decoration-thickness: initial; text-decoration-style: initial; text-decoration-color: initial; vertical-align: middle;\"><span lang=\"FR-CA\" style=\"letter-spacing: 0.1pt;\">Le Canada est un \u00c9tat f\u00e9d\u00e9ral. Cela signifie que la comp\u00e9tence l\u00e9gislative (aussi appel\u00e9e pouvoir l\u00e9gislatif ou autorit\u00e9 l\u00e9gislative) est r\u00e9partie entre les l\u00e9gislatures f\u00e9d\u00e9rale et provinciales. Cette \u00ab\u00a0r\u00e9partition des comp\u00e9tences\u00a0\u00bb est principalement \u00e9nonc\u00e9e aux articles\u00a091 (comp\u00e9tence f\u00e9d\u00e9rale), 92 et 92A (comp\u00e9tence des provinces) de la <i>Loi constitutionnelle de\u00a01867<\/i><sup><a title=\"\" href=\"#_ftn2\" name=\"_ftnref2\">[2]<\/a><\/sup>. Chacun de ces articles dresse une liste de plus de vingt \u00ab\u00a0cat\u00e9gories de sujets\u00a0\u00bb, aussi appel\u00e9es \u00ab\u00a0chefs de comp\u00e9tence\u00a0\u00bb attribu\u00e9s aux l\u00e9gislatures f\u00e9d\u00e9rale et provinciales, respectivement. La relation entre les l\u00e9gislatures f\u00e9d\u00e9rale et provinciales en est une de partenaires \u00e9gaux, et non de subordination. Au moment d\u2019adopter des lois, chaque ordre de gouvernement est autonome; ni l\u2019un ni l\u2019autre n\u2019a l\u2019obligation de tenir compte des pr\u00e9f\u00e9rences politiques de l\u2019autre.<\/span><\/p>\n<p class=\"MsoNormal\" style=\"font-style: normal; font-variant-ligatures: normal; font-variant-caps: normal; font-weight: 400; letter-spacing: normal; orphans: 2; text-indent: 0px; text-transform: none; widows: 2; word-spacing: 0px; -webkit-text-stroke-width: 0px; white-space: normal; text-decoration-thickness: initial; text-decoration-style: initial; text-decoration-color: initial; vertical-align: middle;\"><span lang=\"FR-CA\">La comp\u00e9tence l\u00e9gislative ne s\u2019assimile pas \u00e0 un <i>droit<\/i> \u00e0 quoi que ce soit ni n\u2019en conf\u00e8re un, y compris un droit d\u2019exploiter des ressources naturelles<sup><a title=\"\" href=\"#_ftn3\" name=\"_ftnref3\">[3]<\/a><\/sup>. Il permet plut\u00f4t simplement au gouvernement comp\u00e9tent d\u2019adopter des lois relatives aux \u00ab\u00a0mati\u00e8res rentrant dans les cat\u00e9gories de sujets\u00a0\u00bb \u00e9num\u00e9r\u00e9es aux articles\u00a091, 92 et\u00a092A. Par exemple, la protection de l\u2019habitat du poisson a \u00e9t\u00e9 consid\u00e9r\u00e9e comme une \u00ab\u00a0mati\u00e8re\u00a0\u00bb qui rel\u00e8ve de l\u2019article\u00a091.12 (Les p\u00eacheries des c\u00f4tes de la mer et de l\u2019int\u00e9rieur), une mati\u00e8re \u00e0 l\u2019\u00e9gard de laquelle le Parlement peut adopter des lois \u2014 et il l\u2019a fait. \u00c0 titre d\u2019autre exemple, l\u2019exploitation, la conservation et la gestion des ressources naturelles non renouvelables sont des \u00ab\u00a0mati\u00e8res\u00a0\u00bb, vis\u00e9es au paragraphe\u00a092A(1) qui peuvent faire l\u2019objet de lois adopt\u00e9es par les l\u00e9gislatures provinciales \u2014 ce qui comprend l\u2019exploitation du p\u00e9trole et du gaz naturel. Encore une fois, cependant, il ne s\u2019ensuit pas que les provinces ou les promoteurs priv\u00e9s jouissent d\u2019un <i>droit<\/i> inconditionnel \u00e0 ce genre d\u2019exploitation, qui peut \u00eatre assujetti \u00e0 des lois valides des deux ordres de gouvernement et \u00eatre limit\u00e9 par celles-ci.<\/span><\/p>\n<p class=\"MsoNormal\" style=\"font-style: normal; font-variant-ligatures: normal; font-variant-caps: normal; font-weight: 400; letter-spacing: normal; orphans: 2; text-indent: 0px; text-transform: none; widows: 2; word-spacing: 0px; -webkit-text-stroke-width: 0px; white-space: normal; text-decoration-thickness: initial; text-decoration-style: initial; text-decoration-color: initial; vertical-align: middle;\"><span lang=\"FR-CA\" style=\"letter-spacing: 0.1pt;\">Deux autres types de pouvoirs f\u00e9d\u00e9raux m\u00e9ritent d\u2019\u00eatre bri\u00e8vement mentionn\u00e9s. Ils sont mentionn\u00e9s dans le pr\u00e9sent article, car leur utilisation est principalement limit\u00e9e par des contraintes politiques plut\u00f4t que juridiques. Le premier est le pouvoir de d\u00e9penser de l\u2019argent, ou le pouvoir de d\u00e9penser\u00a0: \u00ab\u00a0[l]e pouvoir f\u00e9d\u00e9ral (et provincial) de d\u00e9penser est celui d\u2019une personne physique\u00a0\u00bb\u00a0[traduction]<sup><a title=\"\" href=\"#_ftn4\" name=\"_ftnref4\">[4]<\/a><\/sup>. Les deux ordres de gouvernement ont la capacit\u00e9 de d\u00e9penser des fonds et d\u2019assortir ces d\u00e9penses de conditions, notamment des conditions relatives \u00e0 la r\u00e9ception de telles d\u00e9penses. Dans le contexte du p\u00e9trole et du gaz naturel, les exemples les plus frappants pourraient \u00eatre l\u2019achat relativement r\u00e9cent du pipeline Trans Mountain<sup><a title=\"\" href=\"#_ftn5\" name=\"_ftnref5\">[5]<\/a><\/sup> et l\u2019octroi de plus d\u2019un milliard de dollars en fonds d\u2019aide li\u00e9s \u00e0 la COVID-19 aux provinces pour r\u00e9gler les importants passifs li\u00e9s \u00e0 la fermeture du secteur p\u00e9trolier et gazier<sup><a title=\"\" href=\"#_ftn6\" name=\"_ftnref6\">[6]<\/a><\/sup>.<\/span><\/p>\n<p class=\"MsoNormal\" style=\"font-style: normal; font-variant-ligatures: normal; font-variant-caps: normal; font-weight: 400; letter-spacing: normal; orphans: 2; text-indent: 0px; text-transform: none; widows: 2; word-spacing: 0px; -webkit-text-stroke-width: 0px; white-space: normal; text-decoration-thickness: initial; text-decoration-style: initial; text-decoration-color: initial; vertical-align: middle;\"><span lang=\"FR-CA\" style=\"letter-spacing: 0.1pt;\">Le deuxi\u00e8me pouvoir est le \u00ab\u00a0pouvoir d\u00e9claratoire\u00a0\u00bb pr\u00e9vu \u00e0 l\u2019alin\u00e9a\u00a092(10)c), en vertu duquel le l\u00e9gislateur peut d\u00e9clarer un \u00ab\u00a0travail\u00a0\u00bb enti\u00e8rement situ\u00e9 dans une province comme \u00e9tant \u00ab\u00a0pour l\u2019avantage g\u00e9n\u00e9ral du Canada, ou pour l\u2019avantage de deux ou d\u2019un plus grand nombre des provinces\u00a0\u00bb. Ce pouvoir a \u00e9t\u00e9 exerc\u00e9 \u00ab\u00a0pas moins de 472\u00a0fois, dans la majorit\u00e9 des cas \u00e0 l\u2019\u00e9gard de chemins de fer locaux\u00a0\u00bb\u00a0[traduction]<sup><a title=\"\" href=\"#_ftn7\" name=\"_ftnref7\">[7]<\/a><\/sup>. Cela dit, ce pouvoir est consid\u00e9r\u00e9 comme g\u00e9n\u00e9ralement incompatible avec la structure f\u00e9d\u00e9rale du Canada\u00a0: \u00ab\u00a0ce pouvoir n\u2019a \u00e9t\u00e9 utilis\u00e9 que tr\u00e8s rarement au cours des derni\u00e8res ann\u00e9es\u00a0\u00bb\u00a0[traduction]<sup><a title=\"\" href=\"#_ftn8\" name=\"_ftnref8\">[8]<\/a><\/sup>.<\/span><\/p>\n<p class=\"MsoNormal\" style=\"font-style: normal; font-variant-ligatures: normal; font-variant-caps: normal; font-weight: 400; letter-spacing: normal; orphans: 2; text-indent: 0px; text-transform: none; widows: 2; word-spacing: 0px; -webkit-text-stroke-width: 0px; white-space: normal; text-decoration-thickness: initial; text-decoration-style: initial; text-decoration-color: initial; break-after: avoid; vertical-align: middle;\"><b><span lang=\"FR-CA\" style=\"text-transform: uppercase; letter-spacing: 0.1pt;\">PARTIE\u00a0II\u00a0: QUALIFICATION, CLASSIFICATION, DOUBLE ASPECT ET EFFETS ACCESSOIRES<\/span><\/b><\/p>\n<p class=\"MsoNormal\" style=\"font-style: normal; font-variant-ligatures: normal; font-variant-caps: normal; font-weight: 400; letter-spacing: normal; orphans: 2; text-indent: 0px; text-transform: none; widows: 2; word-spacing: 0px; -webkit-text-stroke-width: 0px; white-space: normal; text-decoration-thickness: initial; text-decoration-style: initial; text-decoration-color: initial; vertical-align: middle;\"><span lang=\"FR-CA\">Le cadre g\u00e9n\u00e9ral que les tribunaux canadiens appliquent pour d\u00e9terminer si une loi ou un r\u00e8glement donn\u00e9 est constitutionnel (c\u2019est.-\u00e0-dire s\u2019il rel\u00e8ve de la comp\u00e9tence l\u00e9gislative du gouvernement qui l\u2019a adopt\u00e9) est appel\u00e9 l\u2019analyse de la r\u00e9partition des comp\u00e9tences. Cette analyse comprend (i)\u00a0la qualification et (ii)\u00a0la classification<sup><a title=\"\" href=\"#_ftn9\" name=\"_ftnref9\">[9]<\/a><\/sup>. Deux doctrines suppl\u00e9mentaires et pertinentes sont la doctrine du \u00ab\u00a0double aspect\u00a0\u00bb et la doctrine des \u00ab\u00a0effets accessoires\u00a0\u00bb. Ces doctrines permettent l\u2019application simultan\u00e9e des lois et r\u00e8glements f\u00e9d\u00e9raux et provinciaux dans divers contextes, pourvu que ces lois et r\u00e8glements respectent les r\u00e8gles du chef de comp\u00e9tence en vertu desquelles ils ont \u00e9t\u00e9 adopt\u00e9s. En cas de conflit ou d\u2019incompatibilit\u00e9 entre des lois f\u00e9d\u00e9rales et provinciales, le droit f\u00e9d\u00e9ral pr\u00e9vaudra sur la base de la doctrine de la pr\u00e9pond\u00e9rance f\u00e9d\u00e9rale<sup><a title=\"\" href=\"#_ftn10\" name=\"_ftnref10\">[10]<\/a><\/sup>.<\/span><\/p>\n<p class=\"MsoNormal\" style=\"font-style: normal; font-variant-ligatures: normal; font-variant-caps: normal; font-weight: 400; letter-spacing: normal; orphans: 2; text-indent: 0px; text-transform: none; widows: 2; word-spacing: 0px; -webkit-text-stroke-width: 0px; white-space: normal; text-decoration-thickness: initial; text-decoration-style: initial; text-decoration-color: initial; break-after: avoid; vertical-align: middle;\"><b><span lang=\"FR-CA\" style=\"letter-spacing: 0.1pt;\">(i) Qualification<\/span><\/b><\/p>\n<p class=\"MsoNormal\" style=\"font-style: normal; font-variant-ligatures: normal; font-variant-caps: normal; font-weight: 400; letter-spacing: normal; orphans: 2; text-indent: 0px; text-transform: none; widows: 2; word-spacing: 0px; -webkit-text-stroke-width: 0px; white-space: normal; text-decoration-thickness: initial; text-decoration-style: initial; text-decoration-color: initial; vertical-align: middle;\"><span lang=\"FR-CA\" style=\"letter-spacing: 0.1pt;\">\u00c0 la premi\u00e8re \u00e9tape, le tribunal examine la loi ou le r\u00e8glement en cause (ou les parties pertinentes de celui-ci)<sup><a title=\"\" href=\"#_ftn11\" name=\"_ftnref11\">[11]<\/a><\/sup> et cherche \u00e0 en d\u00e9terminer l\u2019essence \u2014 ce que la jurisprudence appelle son \u00ab\u00a0caract\u00e8re v\u00e9ritable\u00a0\u00bb<sup><a title=\"\" href=\"#_ftn12\" name=\"_ftnref12\">[12]<\/a><\/sup>. Il s\u2019agit donc de la \u00ab\u00a0mati\u00e8re\u00a0\u00bb (parfois aussi appel\u00e9e la mati\u00e8re v\u00e9ritable) qui est ensuite class\u00e9e comme relevant de l\u2019un des chefs de comp\u00e9tence potentiellement pertinents aux articles\u00a091, 92 ou 92A. Le caract\u00e8re v\u00e9ritable [\u2026] \u00ab\u00a0doit \u00eatre d\u00e9termin\u00e9 sous deux aspects\u00a0: le but vis\u00e9 par le l\u00e9gislateur qui l\u2019a adopt\u00e9e et l\u2019effet juridique de la loi\u00a0\u00bb<sup><a title=\"\" href=\"#_ftn13\" name=\"_ftnref13\">[13]<\/a><\/sup>.<\/span><\/p>\n<p class=\"MsoNormal\" style=\"font-style: normal; font-variant-ligatures: normal; font-variant-caps: normal; font-weight: 400; letter-spacing: normal; orphans: 2; text-indent: 0px; text-transform: none; widows: 2; word-spacing: 0px; -webkit-text-stroke-width: 0px; white-space: normal; text-decoration-thickness: initial; text-decoration-style: initial; text-decoration-color: initial; vertical-align: middle;\"><span lang=\"FR-CA\">\u00c0 titre d\u2019exemple r\u00e9cent, dans\u00a0:\u00a0<i>Renvois relatifs \u00e0 la Loi sur la tarification de la pollution caus\u00e9e par les gaz \u00e0 effet de serre<\/i><sup><a title=\"\" href=\"#_ftn14\" name=\"_ftnref14\">[14]<\/a><\/sup> et apr\u00e8s avoir \u00e9valu\u00e9 ses effets juridiques et pratiques, une majorit\u00e9 des juges de la Cour supr\u00eame du Canada a conclu que la \u00ab\u00a0mati\u00e8re v\u00e9ritable\u00a0\u00bb de la <i>Loi sur la tarification de la pollution caus\u00e9e par les gaz \u00e0 effet de serre<\/i>, L.C.\u00a02018, ch.\u00a012, art.\u00a0186 (la \u00ab\u00a0<i>LTPCGES<\/i>\u00a0\u00bb), \u00e9tait \u00ab\u00a0l\u2019\u00e9tablissement de normes nationales minimales de tarification rigoureuse des GES en vue de r\u00e9duire les \u00e9missions de ces gaz\u00a0\u00bb<sup><a title=\"\" href=\"#_ftn15\" name=\"_ftnref15\">[15]<\/a><\/sup>. Il s\u2019agissait de la \u00ab\u00a0mati\u00e8re\u00a0\u00bb ou de la \u00ab\u00a0mati\u00e8re v\u00e9ritable\u00a0\u00bb que la Cour a subs\u00e9quemment class\u00e9 comme relevant du pouvoir r\u00e9siduel en mati\u00e8re de paix, d\u2019ordre et de bon gouvernement (\u00ab\u00a0POBG\u00a0\u00bb) du l\u00e9gislateur. Il est important de noter que la majorit\u00e9 a rejet\u00e9 d\u2019autres qualifications, comme la r\u00e8glementation des GES, de fa\u00e7on g\u00e9n\u00e9rale, et m\u00eame les normes nationales pour les GES en g\u00e9n\u00e9ral, car il s\u2019agit d\u2019une qualification trop g\u00e9n\u00e9rale de la LTPCGES, favorisant plut\u00f4t la qualification \u00ab\u00a0la plus pr\u00e9cise\u00a0\u00bb de la mati\u00e8re de la loi<sup><a title=\"\" href=\"#_ftn16\" name=\"_ftnref16\">[16]<\/a><\/sup>.<\/span><\/p>\n<p class=\"MsoNormal\" style=\"font-style: normal; font-variant-ligatures: normal; font-variant-caps: normal; font-weight: 400; letter-spacing: normal; orphans: 2; text-indent: 0px; text-transform: none; widows: 2; word-spacing: 0px; -webkit-text-stroke-width: 0px; white-space: normal; text-decoration-thickness: initial; text-decoration-style: initial; text-decoration-color: initial; break-after: avoid; vertical-align: middle;\"><b><span lang=\"FR-CA\" style=\"letter-spacing: 0.1pt;\">(ii) Classification<\/span><\/b><\/p>\n<p class=\"MsoNormal\" style=\"font-style: normal; font-variant-ligatures: normal; font-variant-caps: normal; font-weight: 400; letter-spacing: normal; orphans: 2; text-indent: 0px; text-transform: none; widows: 2; word-spacing: 0px; -webkit-text-stroke-width: 0px; white-space: normal; text-decoration-thickness: initial; text-decoration-style: initial; text-decoration-color: initial; vertical-align: middle;\"><span lang=\"FR-CA\" style=\"letter-spacing: 0.1pt;\">Une fois qu\u2019une loi a \u00e9t\u00e9 qualifi\u00e9e de la mani\u00e8re d\u00e9crite ci-dessus (c\u2019est.-\u00e0-dire que sa mati\u00e8re a \u00e9t\u00e9 d\u00e9termin\u00e9e), les tribunaux d\u00e9terminent la ou les chefs de comp\u00e9tence dans lesquels la mati\u00e8re s\u2019inscrit\u00a0: \u00ab\u00a0Si la mati\u00e8re de la loi est \u201cclass\u00e9[e] \u00e0 bon droit comme relevant d\u2019un des chefs de comp\u00e9tence du gouvernement qui l\u2019a adopt\u00e9e, la loi est [constitutionnelle] et valide\u201d\u00a0\u00bb<sup><a title=\"\" href=\"#_ftn17\" name=\"_ftnref17\">[17]<\/a><\/sup>. C\u2019est \u00e0 ce stade qu\u2019une certaine connaissance et compr\u00e9hension des chefs de comp\u00e9tence provinciales devient essentielle \u00e0 l\u2019analyse\u00a0: une loi ou un r\u00e8glement f\u00e9d\u00e9ral qui vise \u00e0 r\u00e8glementer certains aspects de la production et du traitement ou du transport du p\u00e9trole et du gaz naturel ne sera pas class\u00e9 uniquement en fonction des chefs de comp\u00e9tence f\u00e9d\u00e9raux potentiels, mais plut\u00f4t en fonction de la connaissance et de la prise en compte des chefs de comp\u00e9tence provinciaux pertinents\u00a0: \u00ab\u00a0Les cat\u00e9gories de sujets [c\u2019est-\u00e0-dire les chefs de comp\u00e9tence] doivent \u00eatre interpr\u00e9t\u00e9es les unes en fonction des autres [\u2026] Lorsque des cat\u00e9gories provinciales et f\u00e9d\u00e9rales de sujets portent sur des notions qui se chevauchent, il faut en d\u00e9terminer le sens au moyen du processus de \u201cmodification mutuelle\u201d\u00a0\u00bb<sup><a title=\"\" href=\"#_ftn18\" name=\"_ftnref18\">[18]<\/a><\/sup>.<\/span><\/p>\n<p class=\"MsoNormal\" style=\"font-style: normal; font-variant-ligatures: normal; font-variant-caps: normal; font-weight: 400; letter-spacing: normal; orphans: 2; text-indent: 0px; text-transform: none; widows: 2; word-spacing: 0px; -webkit-text-stroke-width: 0px; white-space: normal; text-decoration-thickness: initial; text-decoration-style: initial; text-decoration-color: initial; break-after: avoid; vertical-align: middle;\"><b><span lang=\"FR-CA\" style=\"letter-spacing: 0.1pt;\">(iii) Double aspect<\/span><\/b><\/p>\n<p class=\"MsoNormal\" style=\"font-style: normal; font-variant-ligatures: normal; font-variant-caps: normal; font-weight: 400; letter-spacing: normal; orphans: 2; text-indent: 0px; text-transform: none; widows: 2; word-spacing: 0px; -webkit-text-stroke-width: 0px; white-space: normal; text-decoration-thickness: initial; text-decoration-style: initial; text-decoration-color: initial; vertical-align: middle;\"><span lang=\"FR-CA\" style=\"letter-spacing: 0.1pt;\">Il fut un temps o\u00f9 les tribunaux canadiens appliquaient une approche de type \u00ab\u00a0compartiments \u00e9tanches\u00a0\u00bb \u00e0 la r\u00e9partition des pouvoirs, en vertu de laquelle le chevauchement entre les chefs de comp\u00e9tence f\u00e9d\u00e9raux et provinciaux \u00e9tait \u00e9vit\u00e9 \u00e0 tout prix. Depuis maintenant longtemps, elle a c\u00e9d\u00e9 du terrain \u00e0 une approche plus souple qui reconna\u00eet que la m\u00eame situation de fait peut rev\u00eatir un aspect f\u00e9d\u00e9ral et provincial dans l\u2019optique de ce qu\u2019on appelle la \u00ab\u00a0doctrine du double aspect\u00a0\u00bb<sup><a title=\"\" href=\"#_ftn19\" name=\"_ftnref19\">[19]<\/a><\/sup>. La \u00ab\u00a0doctrine du double aspect\u00a0\u00bb permet de r\u00e8glementer le m\u00eame ensemble de faits sous diff\u00e9rents angles ou aspects, le gouvernement f\u00e9d\u00e9ral au titre de chefs de comp\u00e9tence relevant de l\u2019article\u00a091, et les gouvernements provinciaux au titre de chefs de comp\u00e9tence relevant des articles\u00a092 ou 92A.<\/span><\/p>\n<p class=\"MsoNormal\" style=\"font-style: normal; font-variant-ligatures: normal; font-variant-caps: normal; font-weight: 400; letter-spacing: normal; orphans: 2; text-indent: 0px; text-transform: none; widows: 2; word-spacing: 0px; -webkit-text-stroke-width: 0px; white-space: normal; text-decoration-thickness: initial; text-decoration-style: initial; text-decoration-color: initial; vertical-align: middle;\"><span lang=\"FR-CA\" style=\"letter-spacing: 0.1pt;\">Cela dit, dans l\u2019arr\u00eate r\u00e9cent, <i>Renvoi relatif \u00e0 la Loi sur l\u2019\u00e9valuation d\u2019impact<\/i>, une majorit\u00e9 des juges de la Cour supr\u00eame a pr\u00e9venu que m\u00eame si l\u2019application de la doctrine du double aspect permettait l\u2019application concurrente des lois f\u00e9d\u00e9rales et provinciales, cela ne s\u2019assimilait pas \u00e0 un champ de comp\u00e9tence concurrente\u00a0: \u00ab\u00a0Lorsqu\u2019une situation de fait peut \u00eatre r\u00e8glement\u00e9e \u00e0 la fois d\u2019un point de vue f\u00e9d\u00e9ral et d\u2019un point de vue provincial, chaque ordre de gouvernement ne peut qu\u2019adopter des lois qui, de par leur caract\u00e8re v\u00e9ritable, rel\u00e8vent de sa comp\u00e9tence respective\u00a0\u00bb<sup><a title=\"\" href=\"#_ftn20\" name=\"_ftnref20\">[20]<\/a><\/sup>.<\/span><\/p>\n<p class=\"MsoNormal\" style=\"font-style: normal; font-variant-ligatures: normal; font-variant-caps: normal; font-weight: 400; letter-spacing: normal; orphans: 2; text-indent: 0px; text-transform: none; widows: 2; word-spacing: 0px; -webkit-text-stroke-width: 0px; white-space: normal; text-decoration-thickness: initial; text-decoration-style: initial; text-decoration-color: initial; vertical-align: middle;\"><span lang=\"FR-CA\" style=\"letter-spacing: 0.1pt;\">Comme nous l\u2019expliquons plus en d\u00e9tail \u00e0 la partie\u00a0III, certains chefs de comp\u00e9tence (p. ex. la comp\u00e9tence en mati\u00e8re de droit p\u00e9nal) ont des r\u00e8gles sur le fond et la forme de ces lois<sup><a title=\"\" href=\"#_ftn21\" name=\"_ftnref21\">[21]<\/a><\/sup>. D\u2019autres chefs de comp\u00e9tence ont \u00e9t\u00e9 d\u00e9crits comme \u00e9tant li\u00e9s \u00e0 une ressource (p. ex. la ressource halieutique) ou \u00e0 une activit\u00e9 (p. ex. les chemins de fer interprovinciaux), ce qui peut \u00e9galement entra\u00eener des r\u00e9percussions sur leur port\u00e9e et leur \u00e9tendue.<\/span><\/p>\n<p class=\"MsoNormal\" style=\"font-style: normal; font-variant-ligatures: normal; font-variant-caps: normal; font-weight: 400; letter-spacing: normal; orphans: 2; text-indent: 0px; text-transform: none; widows: 2; word-spacing: 0px; -webkit-text-stroke-width: 0px; white-space: normal; text-decoration-thickness: initial; text-decoration-style: initial; text-decoration-color: initial; break-after: avoid; vertical-align: middle;\"><b><span lang=\"FR-CA\" style=\"letter-spacing: 0.1pt;\">(iv) Effets accessoires<\/span><\/b><\/p>\n<p class=\"MsoNormal\" style=\"font-style: normal; font-variant-ligatures: normal; font-variant-caps: normal; font-weight: 400; letter-spacing: normal; orphans: 2; text-indent: 0px; text-transform: none; widows: 2; word-spacing: 0px; -webkit-text-stroke-width: 0px; white-space: normal; text-decoration-thickness: initial; text-decoration-style: initial; text-decoration-color: initial; vertical-align: middle;\"><span lang=\"FR-CA\" style=\"letter-spacing: 0.1pt;\">Enfin, les tribunaux canadiens ont \u00e9galement reconnu que des lois valides peuvent, dans une certaine mesure, toucher \u00e0 des mati\u00e8res qui d\u00e9passent la comp\u00e9tence de l\u2019assembl\u00e9e l\u00e9gislative <i>sans pour autant <\/i>devenir inconstitutionnelles\u00a0:<\/span><\/p>\n<p class=\"MsoNormal\" style=\"font-style: normal; font-variant-ligatures: normal; font-variant-caps: normal; font-weight: 400; letter-spacing: normal; orphans: 2; text-indent: 0px; text-transform: none; widows: 2; word-spacing: 0px; -webkit-text-stroke-width: 0px; white-space: normal; text-decoration-thickness: initial; text-decoration-style: initial; text-decoration-color: initial; vertical-align: middle; padding-left: 40px;\"><span lang=\"FR-CA\" style=\"letter-spacing: 0.1pt;\">Ses buts et effets secondaires [d\u2019une loi] n\u2019ont pas de cons\u00e9quence sur sa validit\u00e9 constitutionnelle\u00a0: \u00ab\u00a0de simples effets accessoires ne rendent pas inconstitutionnelle une loi par ailleurs [constitionnelle]\u00a0\u00bb [\u2026] Par \u00ab\u00a0accessoire\u00a0\u00bb, on entend les effets de la loi qui peuvent avoir une importance pratique significative, mais qui sont accessoires et secondaires au mandat de la l\u00e9gislature qui a \u00e9dict\u00e9 la loi [\u2026] Ces ing\u00e9rences accessoires dans les mati\u00e8res relevant de la comp\u00e9tence de l\u2019autre ordre de gouvernement sont acceptables et pr\u00e9visibles<sup><a title=\"\" href=\"#_ftn22\" name=\"_ftnref22\">[22]<\/a><\/sup>.<\/span><\/p>\n<p class=\"MsoNormal\" style=\"font-style: normal; font-variant-ligatures: normal; font-variant-caps: normal; font-weight: 400; letter-spacing: normal; orphans: 2; text-indent: 0px; text-transform: none; widows: 2; word-spacing: 0px; -webkit-text-stroke-width: 0px; white-space: normal; text-decoration-thickness: initial; text-decoration-style: initial; text-decoration-color: initial; vertical-align: middle;\"><span lang=\"FR-CA\" style=\"letter-spacing: 0.1pt;\">La doctrine des \u00ab\u00a0effets accessoires\u00a0\u00bb reconna\u00eet qu\u2019en pratique, il est impossible pour une l\u00e9gislature d\u2019exercer efficacement sa comp\u00e9tence sur une mati\u00e8re sans toucher accessoirement \u00e0 des mati\u00e8res relevant de la comp\u00e9tence d\u2019un autre ordre de gouvernement.\u00a0Par exemple, il serait impossible pour le Parlement d\u2019adopter des lois efficaces en mati\u00e8re de droit d\u2019auteur sans toucher au droit de la propri\u00e9t\u00e9 et aux droits civils\u00a0\u00bb<sup><a title=\"\" href=\"#_ftn23\" name=\"_ftnref23\">[23]<\/a><\/sup>. Ainsi, les lois et r\u00e8glements f\u00e9d\u00e9raux relatifs aux p\u00eaches, \u00e0 la navigation ou aux Autochtones peuvent avoir une incidence accessoire sur l\u2019exploitation du p\u00e9trole et du gaz naturel sans pour autant devenir inconstitutionnels. Ainsi, l\u2019obligation d\u2019obtenir une autorisation en vertu de la <i>Loi sur les p\u00eaches<\/i>, L.R.C. (1985), ch.\u00a0F-14 (<i>Loi sur les p\u00eaches<\/i>) pour d\u00e9truire l\u2019habitat du poisson, peut avoir une incidence (et cela a en effet d\u00e9j\u00e0 \u00e9t\u00e9 le cas) sur le moment de la construction d\u2019une mine de sables bitumineux<sup><a title=\"\" href=\"#_ftn24\" name=\"_ftnref24\">[24]<\/a><\/sup>.<\/span><\/p>\n<p class=\"MsoNormal\" style=\"font-style: normal; font-variant-ligatures: normal; font-variant-caps: normal; font-weight: 400; letter-spacing: normal; orphans: 2; text-indent: 0px; text-transform: none; widows: 2; word-spacing: 0px; -webkit-text-stroke-width: 0px; white-space: normal; text-decoration-thickness: initial; text-decoration-style: initial; text-decoration-color: initial; break-after: avoid; vertical-align: middle;\"><b><span lang=\"FR-CA\" style=\"text-transform: uppercase; letter-spacing: 0.1pt;\">PARTIE\u00a0III\u00a0: CHEFS DE COMP\u00c9TENCE F\u00c9D\u00c9RAUX RELATIFS AU P\u00c9TROLE ET AU GAZ NATUREL<\/span><\/b><\/p>\n<p class=\"MsoNormal\" style=\"font-style: normal; font-variant-ligatures: normal; font-variant-caps: normal; font-weight: 400; letter-spacing: normal; orphans: 2; text-indent: 0px; text-transform: none; widows: 2; word-spacing: 0px; -webkit-text-stroke-width: 0px; white-space: normal; text-decoration-thickness: initial; text-decoration-style: initial; text-decoration-color: initial; vertical-align: middle;\"><span lang=\"FR-CA\">Comme il a \u00e9t\u00e9 mentionn\u00e9 ci-dessus, lorsqu\u2019on interpr\u00e8te la port\u00e9e de l\u2019autorit\u00e9 l\u00e9gislative f\u00e9d\u00e9rale et qu\u2019on d\u00e9termine si une loi ou un r\u00e8glement donn\u00e9 rel\u00e8ve de cette comp\u00e9tence, les tribunaux canadiens sont conscients de l\u2019autorit\u00e9 l\u00e9gislative des provinces et cherchent \u00e0 maintenir l\u2019\u00e9quilibre du f\u00e9d\u00e9ralisme refl\u00e9t\u00e9 dans ces articles et les choix politiques qui les sous-tendent\u00a0: \u00ab\u00a0Chacune des comp\u00e9tences l\u00e9gislatives a \u00e9t\u00e9 attribu\u00e9e \u00e0 l\u2019ordre de gouvernement qui serait le mieux plac\u00e9 pour l\u2019exercer\u00a0\u00bb<sup><a title=\"\" href=\"#_ftn25\" name=\"_ftnref25\">[25]<\/a><\/sup>.<\/span><\/p>\n<p class=\"MsoNormal\" style=\"font-style: normal; font-variant-ligatures: normal; font-variant-caps: normal; font-weight: 400; letter-spacing: normal; orphans: 2; text-indent: 0px; text-transform: none; widows: 2; word-spacing: 0px; -webkit-text-stroke-width: 0px; white-space: normal; text-decoration-thickness: initial; text-decoration-style: initial; text-decoration-color: initial; vertical-align: middle;\"><span lang=\"FR-CA\" style=\"letter-spacing: 0.1pt;\">L\u2019autorit\u00e9 l\u00e9gislative provinciale en mati\u00e8re d\u2019exploitation p\u00e9troli\u00e8re et gazi\u00e8re est \u00e0 la fois vaste et profonde. \u00c0 bien des \u00e9gards, la comp\u00e9tence l\u00e9gislative des provinces en mati\u00e8re de \u00ab\u00a0propri\u00e9t\u00e9 et de droits civils\u00a0\u00bb\u00a0(92.13) suffit elle-m\u00eame \u00e0 fonder la grande majorit\u00e9 des lois et r\u00e8glements li\u00e9s aux ressources. Comme l\u2019a soulign\u00e9 la Cour supr\u00eame, \u00ab\u00a0il suffit de souligner que la r\u00e8glementation g\u00e9n\u00e9rale du commerce et de l\u2019industrie \u00e0 l\u2019int\u00e9rieur de la province rel\u00e8ve (sous r\u00e9serve de certaines exceptions) de la comp\u00e9tence provinciale en mati\u00e8re de propri\u00e9t\u00e9 et de droits civils\u00a0\u00bb\u00a0<sup><a title=\"\" href=\"#_ftn26\" name=\"_ftnref26\">[26]<\/a><\/sup>. Les dispositions relatives aux terres publiques\u00a0(92.5), travaux et entreprises d\u2019une nature locale\u00a0(92.10) et aux mati\u00e8res de nature locale\u00a0(92.15) pr\u00e9voient toutes un compl\u00e9ment n\u00e9cessaire dans ce contexte. En effet, le pouvoir l\u00e9gislatif des provinces en vertu de l\u2019article\u00a092 est si vaste qu\u2019il a amen\u00e9 les commentateurs \u00e0 se demander si le paragraphe\u00a092A(1), qui fait explicitement r\u00e9f\u00e9rence \u00e0 l\u2019exploitation de ressources non renouvelables et \u00e0 la production d\u2019\u00e9nergie \u00e9lectrique, ajoutait quoi que ce soit aux pouvoirs provinciaux\u00a0: \u00ab\u00a0[l\u2019article\u00a092A] semble couvrir une grande partie des motifs d\u00e9j\u00e0 vis\u00e9s par l\u2019article\u00a092 [\u2026] puisque les activit\u00e9s qu\u2019il mentionne [\u2026] relevaient presque certainement de la comp\u00e9tence l\u00e9gislative provinciale avant l\u2019adoption de la modification relative aux ressources\u00a0\u00bb\u00a0[traduction]<sup><a title=\"\" href=\"#_ftn27\" name=\"_ftnref27\">[27]<\/a><\/sup>.<\/span><\/p>\n<p class=\"MsoNormal\" style=\"font-style: normal; font-variant-ligatures: normal; font-variant-caps: normal; font-weight: 400; letter-spacing: normal; orphans: 2; text-indent: 0px; text-transform: none; widows: 2; word-spacing: 0px; -webkit-text-stroke-width: 0px; white-space: normal; text-decoration-thickness: initial; text-decoration-style: initial; text-decoration-color: initial; vertical-align: middle;\"><span lang=\"FR-CA\" style=\"letter-spacing: 0.1pt;\">Les comp\u00e9tences l\u00e9gislatives provinciales \u00e9tant bri\u00e8vement mises en contexte, la pr\u00e9sente section porte maintenant sur neuf chefs de comp\u00e9tence f\u00e9d\u00e9raux (tous les chefs de comp\u00e9tence f\u00e9d\u00e9raux \u00e9nonc\u00e9s dans l\u2019introduction sont abord\u00e9s dans le rapport plus exhaustif mentionn\u00e9 au d\u00e9but du pr\u00e9sent article).<\/span><\/p>\n<p class=\"MsoNormal\" style=\"font-style: normal; font-variant-ligatures: normal; font-variant-caps: normal; font-weight: 400; letter-spacing: normal; orphans: 2; text-indent: 0px; text-transform: none; widows: 2; word-spacing: 0px; -webkit-text-stroke-width: 0px; white-space: normal; text-decoration-thickness: initial; text-decoration-style: initial; text-decoration-color: initial; break-after: avoid; vertical-align: middle;\"><b><span lang=\"FR-CA\" style=\"letter-spacing: 0.1pt;\">91.1A La dette publique et la propri\u00e9t\u00e9<\/span><\/b><\/p>\n<p class=\"MsoNormal\" style=\"font-style: normal; font-variant-ligatures: normal; font-variant-caps: normal; font-weight: 400; letter-spacing: normal; orphans: 2; text-indent: 0px; text-transform: none; widows: 2; word-spacing: 0px; -webkit-text-stroke-width: 0px; white-space: normal; text-decoration-thickness: initial; text-decoration-style: initial; text-decoration-color: initial; vertical-align: middle;\"><span lang=\"FR-CA\">Le Parlement exerce une comp\u00e9tence l\u00e9gislative sur la dette publique et les propri\u00e9t\u00e9s. Dans ce contexte, les propri\u00e9t\u00e9s f\u00e9d\u00e9rales comprennent \u00ab\u00a0les parcs nationaux, les bases militaires ainsi que les eaux situ\u00e9es \u00e0 l\u2019ext\u00e9rieur des fronti\u00e8res g\u00e9ographiques des provinces et des territoires\u00a0\u00bb<sup><a title=\"\" href=\"#_ftn28\" name=\"_ftnref28\">[28]<\/a><\/sup>. Bien que limit\u00e9e sur le plan g\u00e9ographique, cette comp\u00e9tence est importante, surtout en ce qui concerne l\u2019exploitation p\u00e9troli\u00e8re et gazi\u00e8re au large des c\u00f4tes du Canada<sup><a title=\"\" href=\"#_ftn29\" name=\"_ftnref29\">[29]<\/a><\/sup>. En ce qui concerne le territoire domanial, le gouvernement f\u00e9d\u00e9ral exerce essentiellement les m\u00eames pouvoirs g\u00e9n\u00e9raux que les provinces en mati\u00e8re d\u2019exploitation p\u00e9troli\u00e8re et gazi\u00e8re \u00e0 l\u2019int\u00e9rieur de leurs fronti\u00e8res g\u00e9ographiques.<\/span><\/p>\n<p class=\"MsoNormal\" style=\"font-style: normal; font-variant-ligatures: normal; font-variant-caps: normal; font-weight: 400; letter-spacing: normal; orphans: 2; text-indent: 0px; text-transform: none; widows: 2; word-spacing: 0px; -webkit-text-stroke-width: 0px; white-space: normal; text-decoration-thickness: initial; text-decoration-style: initial; text-decoration-color: initial; break-after: avoid; vertical-align: middle;\"><b><span lang=\"FR-CA\" style=\"letter-spacing: 0.1pt;\">91.2. La r\u00e8glementation du trafic et du commerce<\/span><\/b><\/p>\n<p class=\"MsoNormal\" style=\"font-style: normal; font-variant-ligatures: normal; font-variant-caps: normal; font-weight: 400; letter-spacing: normal; orphans: 2; text-indent: 0px; text-transform: none; widows: 2; word-spacing: 0px; -webkit-text-stroke-width: 0px; white-space: normal; text-decoration-thickness: initial; text-decoration-style: initial; text-decoration-color: initial; vertical-align: middle;\"><span lang=\"FR-CA\">Le Parlement exerce une comp\u00e9tence l\u00e9gislative en mati\u00e8re de r\u00e8glementation du trafic et du commerce, mais par souci de pr\u00e9server la comp\u00e9tence provinciale relative \u00ab\u00a0\u00e0 la propri\u00e9t\u00e9 et aux droits civils\u00a0\u00bb (art.\u00a092.13), ce chef de comp\u00e9tence a \u00e9t\u00e9 interpr\u00e9t\u00e9 de fa\u00e7on relativement \u00e9troite<sup><a title=\"\" href=\"#_ftn30\" name=\"_ftnref30\">[30]<\/a><\/sup>. Il se compose de deux volets\u00a0: une comp\u00e9tence g\u00e9n\u00e9rale en mati\u00e8re de trafic et de commerce, et une comp\u00e9tence en mati\u00e8re de trafic et de commerce international et interprovincial. Pour ce qui est du premier volet, la comp\u00e9tence se limite aux mati\u00e8res qui rel\u00e8vent d\u2019une l\u00e9gislation qui, \u00ab\u00a0[d]u point de vue qualitatif, [une pareille l\u00e9gislation] est diff\u00e9rente de ce que les provinces, agissant s\u00e9par\u00e9ment ou conjointement, pourraient pratiquement ou constitutionnellement adopter\u00a0\u00bb<sup><a title=\"\" href=\"#_ftn31\" name=\"_ftnref31\">[31]<\/a><\/sup>. La Cour supr\u00eame du Canada s\u2019appuie sur cinq crit\u00e8res principaux pour rendre cette d\u00e9cision<sup><a title=\"\" href=\"#_ftn32\" name=\"_ftnref32\">[32]<\/a><\/sup>.<\/span><\/p>\n<p class=\"MsoNormal\" style=\"font-style: normal; font-variant-ligatures: normal; font-variant-caps: normal; font-weight: 400; letter-spacing: normal; orphans: 2; text-indent: 0px; text-transform: none; widows: 2; word-spacing: 0px; -webkit-text-stroke-width: 0px; white-space: normal; text-decoration-thickness: initial; text-decoration-style: initial; text-decoration-color: initial; vertical-align: middle;\"><span lang=\"FR-CA\" style=\"letter-spacing: 0.1pt;\">Pour ce qui est du deuxi\u00e8me volet, le trafic et le commerce international et interprovincial, la plupart des d\u00e9cisions de jurisprudence portent sur le trafic interprovincial plut\u00f4t que sur le trafic international. Par cons\u00e9quent, ce dernier espace semble r\u00e9gi par une convention politique plut\u00f4t que par une doctrine claire \u00e9labor\u00e9e \u00e0 la suite de litiges. La R\u00e9gie de l\u2019\u00e9nergie du Canada\u00a0(\u00ab\u00a0REC \u00bb) s\u2019est vu d\u00e9l\u00e9guer le pouvoir de r\u00e8glementer les exportations de p\u00e9trole et de gaz, ce qu\u2019elle fait en vertu de la partie\u00a07 de la <i>Loi sur la R\u00e9gie canadienne de l\u2019\u00e9nergie<\/i>, L.C. 2019, ch.\u00a028, art.\u00a010 (\u00ab <i>LRCE<\/i> \u00bb). La question qui se pose est celle de savoir \u00e0 quel moment l\u2019exercice de ce pouvoir pourrait transgresser accessoirement le domaine de comp\u00e9tence d\u2019une province et avoir une incidence sur les politiques et les pr\u00e9f\u00e9rences provinciales en ce qui a trait \u00e0 l\u2019exploitation des ressources et ainsi empi\u00e9ter sur les pouvoirs d\u2019une province \u00e0 l\u2019\u00e9gard de ce type d\u2019activit\u00e9. Cette question est devenue de plus en plus urgente \u00e0 la suite des r\u00e9cents d\u00e9veloppements aux \u00c9tats-Unis, et du diff\u00e9rend commercial actuel en particulier. Les d\u00e9cisions prises au sujet des exportations dans ce contexte semblent relever directement de la comp\u00e9tence f\u00e9d\u00e9rale en mati\u00e8re de commerce international.<\/span><\/p>\n<p class=\"MsoNormal\" style=\"font-style: normal; font-variant-ligatures: normal; font-variant-caps: normal; font-weight: 400; letter-spacing: normal; orphans: 2; text-indent: 0px; text-transform: none; widows: 2; word-spacing: 0px; -webkit-text-stroke-width: 0px; white-space: normal; text-decoration-thickness: initial; text-decoration-style: initial; text-decoration-color: initial; vertical-align: middle;\"><span lang=\"FR-CA\" style=\"letter-spacing: 0.1pt;\">En dehors du pr\u00e9sent contexte (c\u2019est-\u00e0-dire en dehors d\u2019un diff\u00e9rend commercial international), le gouvernement f\u00e9d\u00e9ral a interdit l\u2019exportation de certains produits, comme l\u2019amiante. Toutefois, cette interdiction est \u00e9galement ancr\u00e9e dans une inscription pr\u00e9alable de l\u2019amiante comme \u00ab\u00a0substance toxique\u00a0\u00bb en vertu de la <i>Loi canadienne sur la protection de l\u2019environnement <\/i>(1999), L.C. 1999 ch.\u00a033 (\u00ab\u00a0<i>LCPE, 1999\u00a0<\/i>\u00bb)<sup><a title=\"\" href=\"#_ftn33\" name=\"_ftnref33\">[33]<\/a><\/sup>. R\u00e9ciproquement, lorsque la controverse entourant les exportations potentielles d\u2019eau douce en vrac du Canada vers les \u00c9tats-Unis a atteint un sommet au tournant du 21<sup>e<\/sup>\u00a0si\u00e8cle, le gouvernement f\u00e9d\u00e9ral a insist\u00e9 pour dire que seules les provinces \u00e9taient constitutionnellement aptes \u00e0 interdire de telles exportations<sup><a title=\"\" href=\"#_ftn34\" name=\"_ftnref34\">[34]<\/a><\/sup>. Cette derni\u00e8re position semble la plus directement comparable \u00e0 celle concernant le contexte du p\u00e9trole et du gaz; bien que le CO<sub>2<\/sub> et d\u2019autres GES aient \u00e9galement \u00e9t\u00e9 inscrits comme substances toxiques, ni le p\u00e9trole ni le gaz naturel ne l\u2019ont \u00e9t\u00e9.<\/span><\/p>\n<p class=\"MsoNormal\" style=\"font-style: normal; font-variant-ligatures: normal; font-variant-caps: normal; font-weight: 400; letter-spacing: normal; orphans: 2; text-indent: 0px; text-transform: none; widows: 2; word-spacing: 0px; -webkit-text-stroke-width: 0px; white-space: normal; text-decoration-thickness: initial; text-decoration-style: initial; text-decoration-color: initial; break-after: avoid; vertical-align: middle;\"><b><span lang=\"FR-CA\" style=\"letter-spacing: 0.1pt;\">91.3 La collecte de fonds par tout mode ou syst\u00e8me d\u2019imposition<\/span><\/b><\/p>\n<p class=\"MsoNormal\" style=\"font-style: normal; font-variant-ligatures: normal; font-variant-caps: normal; font-weight: 400; letter-spacing: normal; orphans: 2; text-indent: 0px; text-transform: none; widows: 2; word-spacing: 0px; -webkit-text-stroke-width: 0px; white-space: normal; text-decoration-thickness: initial; text-decoration-style: initial; text-decoration-color: initial; vertical-align: middle;\"><span lang=\"FR-CA\">Le gouvernement f\u00e9d\u00e9ral exerce un vaste pouvoir d\u2019adopter des lois en mati\u00e8re de fiscalit\u00e9, tant directe qu\u2019indirecte<sup><a title=\"\" href=\"#_ftn35\" name=\"_ftnref35\">[35]<\/a><\/sup>. Dans un avis juridique pr\u00e9par\u00e9 pour le gouvernement du Manitoba et rendu public avant l\u2019audience de la Cour supr\u00eame dans <i>Renvois relatifs \u00e0 la LTPCGES<\/i>, d\u00e9crit ce pouvoir est d\u00e9crit comme \u00e9tant \u00ab\u00a0extr\u00eamement vaste et g\u00e9n\u00e9ralement assujetti \u00e0 des restrictions seulement au motif que la mesure en question peut \u00eatre class\u00e9e comme autrement qu\u2019une taxe\u00a0\u00bb\u00a0[traduction]<sup><a title=\"\" href=\"#_ftn36\" name=\"_ftnref36\">[36]<\/a><\/sup>. (\u00c0 titre de rappel, la <i>LTPCGES<\/i> a finalement \u00e9t\u00e9 class\u00e9e comme une charge r\u00e8glementaire et une question \u00ab\u00a0d\u2019int\u00e9r\u00eat national\u00a0\u00bb, c\u2019est-\u00e0-dire autre chose qu\u2019une taxe).<\/span><\/p>\n<p class=\"MsoNormal\" style=\"font-style: normal; font-variant-ligatures: normal; font-variant-caps: normal; font-weight: 400; letter-spacing: normal; orphans: 2; text-indent: 0px; text-transform: none; widows: 2; word-spacing: 0px; -webkit-text-stroke-width: 0px; white-space: normal; text-decoration-thickness: initial; text-decoration-style: initial; text-decoration-color: initial; vertical-align: middle;\"><span lang=\"FR-CA\" style=\"letter-spacing: 0.1pt;\">Bien que ce pouvoir soit limit\u00e9 d\u2019autres fa\u00e7ons \u00e9galement (p. ex. l\u2019article\u00a0125 de la Constitution interdit la taxation des terres et des propri\u00e9t\u00e9s appartenant aux gouvernements f\u00e9d\u00e9ral ou provinciaux), sa pertinence pour l\u2019exploitation p\u00e9troli\u00e8re et gazi\u00e8re devrait \u00eatre claire. Au tournant du 21<sup>e<\/sup>\u00a0si\u00e8cle, la <i>Loi de l\u2019imp\u00f4t sur le revenu<\/i>, L.R.C. 1985 ch.\u00a01 (5<sup>e<\/sup>\u00a0suppl.), et plus pr\u00e9cis\u00e9ment, des modifications \u00e0 la <i>Loi de l\u2019imp\u00f4t sur le revenu <\/i>et \u00e0 son r\u00e8glement d\u2019application ont \u00e9t\u00e9 utilis\u00e9es pour promouvoir l\u2019exploitation p\u00e9troli\u00e8re et gazi\u00e8re, en particulier l\u2019exploitation des sables bitumineux (p. ex. au moyen de d\u00e9ductions pour amortissement acc\u00e9l\u00e9r\u00e9)<sup><a title=\"\" href=\"#_ftn37\" name=\"_ftnref37\">[37]<\/a><\/sup>. Plus r\u00e9cemment, le secteur p\u00e9trolier et gazier a re\u00e7u de g\u00e9n\u00e9reux cr\u00e9dits d\u2019imp\u00f4t pour faciliter le d\u00e9ploiement des installations de captage, d\u2019utilisation et de stockage du carbone (\u00ab\u00a0CUSC\u00a0\u00bb)<sup><a title=\"\" href=\"#_ftn38\" name=\"_ftnref38\">[38]<\/a><\/sup>. La mesure dans laquelle ce pouvoir est exerc\u00e9 pour stimuler toute activit\u00e9 \u00e9conomique rel\u00e8ve enti\u00e8rement de la discr\u00e9tion du gouvernement f\u00e9d\u00e9ral.<\/span><\/p>\n<p class=\"MsoNormal\" style=\"font-style: normal; font-variant-ligatures: normal; font-variant-caps: normal; font-weight: 400; letter-spacing: normal; orphans: 2; text-indent: 0px; text-transform: none; widows: 2; word-spacing: 0px; -webkit-text-stroke-width: 0px; white-space: normal; text-decoration-thickness: initial; text-decoration-style: initial; text-decoration-color: initial; break-after: avoid; vertical-align: middle;\"><b><span lang=\"FR-CA\" style=\"letter-spacing: 0.1pt;\">91.10 Navigation et exp\u00e9dition<\/span><\/b><\/p>\n<p class=\"MsoNormal\" style=\"font-style: normal; font-variant-ligatures: normal; font-variant-caps: normal; font-weight: 400; letter-spacing: normal; orphans: 2; text-indent: 0px; text-transform: none; widows: 2; word-spacing: 0px; -webkit-text-stroke-width: 0px; white-space: normal; text-decoration-thickness: initial; text-decoration-style: initial; text-decoration-color: initial; vertical-align: middle;\"><span lang=\"FR-CA\">Le gouvernement f\u00e9d\u00e9ral d\u00e9tient une comp\u00e9tence l\u00e9gislative en mati\u00e8re de navigation et de transport maritime, qui a \u00e9t\u00e9 interpr\u00e9t\u00e9e de fa\u00e7on g\u00e9n\u00e9rale\u00a0: \u00ab\u00a0Les tribunaux ont donn\u00e9 \u00e0 la comp\u00e9tence f\u00e9d\u00e9rale une interpr\u00e9tation g\u00e9n\u00e9reuse pour tenir compte de l\u2019importance nationale de l\u2019industrie maritime, favorisant ainsi l\u2019\u00e9laboration de r\u00e8gles uniformes applicables partout au Canada\u00a0\u00bb<sup><a title=\"\" href=\"#_ftn39\" name=\"_ftnref39\">[39]<\/a><\/sup>. Pour comprendre la port\u00e9e de cette comp\u00e9tence, il est n\u00e9cessaire de comprendre la port\u00e9e du droit public \u00e0 la navigation au Canada. Il existe un droit public \u00e0 la navigation en common law partout o\u00f9 un plan d\u2019eau est navigable<sup><a title=\"\" href=\"#_ftn40\" name=\"_ftnref40\">[40]<\/a><\/sup>. Seul le Parlement a comp\u00e9tence pour l\u00e9gif\u00e9rer en ce qui concerne ce droit en common law, notamment pour autoriser un empi\u00e8tement sur ce droit apr\u00e8s la construction d\u2019un ouvrage comme un barrage ou un pont. Dans le contexte du p\u00e9trole et du gaz naturel, Transports Canada s\u2019appuie sur divers permis en vertu de la <i>Loi sur les eaux navigables canadiennes<\/i>, L.R.C. 1985, ch.\u00a0N-22 (\u00ab\u00a0<i>LENC<\/i>\u00a0\u00bb), pour autoriser des interf\u00e9rences avec la navigation en lien avec des infrastructures de toutes sortes, p. ex. un pont, un pipeline ou une prise d\u2019eau. Une recherche r\u00e9cente dans le registre f\u00e9d\u00e9ral des projets en commun a permis d\u2019obtenir la liste de plus de 100\u00a0autorisations d\u00e9livr\u00e9es en vertu de la <i>LENC<\/i>\u00a0pour des projets dans le secteur p\u00e9trolier et gazier en Colombie-Britannique, en Alberta et en Saskatchewan (achev\u00e9s ou en cours)<sup><a title=\"\" href=\"#_ftn41\" name=\"_ftnref41\">[41]<\/a><\/sup>. Le gouvernement f\u00e9d\u00e9ral r\u00e8glemente \u00e9galement toutes les exp\u00e9ditions, y compris celles de p\u00e9trole et de gaz naturel liqu\u00e9fi\u00e9 (GNL), en vertu de la <i>Loi sur la marine marchande du Canada<\/i>, L.C. 2001, ch.\u00a026, dont la comp\u00e9tence s\u2019est r\u00e9v\u00e9l\u00e9e pertinente dans le litige entourant le projet de prolongement de l\u2019ol\u00e9oduc Trans Mountain<sup><a title=\"\" href=\"#_ftn42\" name=\"_ftnref42\">[42]<\/a><\/sup>.<\/span><\/p>\n<p class=\"MsoNormal\" style=\"font-style: normal; font-variant-ligatures: normal; font-variant-caps: normal; font-weight: 400; letter-spacing: normal; orphans: 2; text-indent: 0px; text-transform: none; widows: 2; word-spacing: 0px; -webkit-text-stroke-width: 0px; white-space: normal; text-decoration-thickness: initial; text-decoration-style: initial; text-decoration-color: initial; break-after: avoid; vertical-align: middle;\"><b><span lang=\"FR-CA\" style=\"letter-spacing: 0.1pt;\">91.12 Les p\u00eacheries des c\u00f4tes de la mer et de l\u2019int\u00e9rieur<\/span><\/b><\/p>\n<p class=\"MsoNormal\" style=\"font-style: normal; font-variant-ligatures: normal; font-variant-caps: normal; font-weight: 400; letter-spacing: normal; orphans: 2; text-indent: 0px; text-transform: none; widows: 2; word-spacing: 0px; -webkit-text-stroke-width: 0px; white-space: normal; text-decoration-thickness: initial; text-decoration-style: initial; text-decoration-color: initial; vertical-align: middle;\"><span lang=\"FR-CA\" style=\"letter-spacing: 0.1pt;\">Le gouvernement f\u00e9d\u00e9ral exerce une vaste comp\u00e9tence sur les p\u00eacheries des c\u00f4tes de la mer et de l\u2019int\u00e9rieur. La comp\u00e9tence en mati\u00e8re de p\u00eacheries \u00ab\u00a0vise non seulement la conservation et la protection, mais encore la \u201cr\u00e8glementation\u201d g\u00e9n\u00e9rale des p\u00eacheries, y compris leur gestion et leur surveillance. Elles reconnaissent que les \u00ab\u00a0p\u00eacheries\u00a0\u00bb, au paragraphe\u00a091(12) [\u2026] s\u2019entendent des p\u00eacheries en tant que ressource naturelle; 91(12) [\u2026] d\u00e9signe les p\u00eaches comme une ressource; \u00ab\u00a0une source de richesse pour le pays ou la province\u00a0\u00bb [\u2026] un \u00ab\u00a0bien commun\u00a0\u00bb \u00e0 g\u00e9rer pour le bien de tous les Canadiens\u00a0\u00bb [traduction]<sup><a title=\"\" href=\"#_ftn43\" name=\"_ftnref43\">[43]<\/a><\/sup>.<\/span><\/p>\n<p class=\"MsoNormal\" style=\"font-style: normal; font-variant-ligatures: normal; font-variant-caps: normal; font-weight: 400; letter-spacing: normal; orphans: 2; text-indent: 0px; text-transform: none; widows: 2; word-spacing: 0px; -webkit-text-stroke-width: 0px; white-space: normal; text-decoration-thickness: initial; text-decoration-style: initial; text-decoration-color: initial; vertical-align: middle;\"><span lang=\"FR-CA\" style=\"letter-spacing: 0.1pt;\">Cette comp\u00e9tence l\u00e9gislative constitue le fondement de la <i>Loi sur les p\u00eaches <\/i>f\u00e9d\u00e9rale, L.R.C.\u00a01985, ch.\u00a0F-14. Bien que la <i>Loi sur les p\u00eaches <\/i>porte principalement sur la gestion des p\u00eaches, une partie enti\u00e8re \u2014 \u00ab\u00a0Protection du poisson et de son habitat et pr\u00e9vention de la pollution\u00a0\u00bb (articles\u00a034\u201343) \u2014 concerne les r\u00e9percussions de la pollution sur le poisson, l\u2019habitat du poisson et la pr\u00e9vention de la pollution. Elle en est venue \u00e0 repr\u00e9senter <i>de facto <\/i>le cadre national pour la qualit\u00e9 de l\u2019eau au Canada. L\u2019article\u00a036, qui rev\u00eat une importance particuli\u00e8re pour le p\u00e9trole et le gaz naturel, interdit le rejet de substances nocives dans les eaux o\u00f9 vivent des poissons, c\u2019est-\u00e0-dire pratiquement toutes les eaux du Canada, \u00e0 moins qu\u2019un r\u00e8glement ne l\u2019autorise. Conform\u00e9ment \u00e0 ce cadre, le gouvernement f\u00e9d\u00e9ral a adopt\u00e9 de nombreux r\u00e8glements sur les effluents pour la plupart des secteurs, y compris ceux de l\u2019extraction de m\u00e9taux et de diamants, des p\u00e2tes et papiers et des eaux us\u00e9es municipales, et il \u00e9labore actuellement un r\u00e8glement sur l\u2019eau trait\u00e9e provenant des sables bitumineux.<\/span><\/p>\n<p class=\"MsoNormal\" style=\"font-style: normal; font-variant-ligatures: normal; font-variant-caps: normal; font-weight: 400; letter-spacing: normal; orphans: 2; text-indent: 0px; text-transform: none; widows: 2; word-spacing: 0px; -webkit-text-stroke-width: 0px; white-space: normal; text-decoration-thickness: initial; text-decoration-style: initial; text-decoration-color: initial; vertical-align: middle;\"><span lang=\"FR-CA\" style=\"letter-spacing: 0.1pt;\">D\u2019autres dispositions pertinentes de la <i>Loi sur les p\u00eaches <\/i>comprennent l\u2019article\u00a034.2, qui conf\u00e8re au ministre f\u00e9d\u00e9ral des P\u00eaches et des Oc\u00e9ans le pouvoir de prendre des r\u00e8glements concernant le d\u00e9bit d\u2019eau (en ce qui concerne les pr\u00e9l\u00e8vements d\u2019eau pour le traitement des sables bitumineux, la fracturation hydraulique, ainsi que la planification future de l\u2019assainissement et de la remise en \u00e9tat), et l\u2019article\u00a035, qui interdit la d\u00e9t\u00e9rioration, la destruction ou la perturbation (\u00ab\u00a0DDP\u00a0\u00bb) de l\u2019habitat du poisson \u00e0 moins d\u2019y \u00eatre autoris\u00e9 par le Ministre ou par r\u00e8glement. Chaque mine de sables bitumineux doit obtenir une autorisation d\u00e9livr\u00e9e en vertu de l\u2019article\u00a035, souvent pour des travaux qui entra\u00eenent la destruction de plusieurs milliers d\u2019hectares d\u2019habitat du poisson. Les autorisations de DDP sont \u00e9galement g\u00e9n\u00e9ralement requises pour les infrastructures li\u00e9es \u00e0 l\u2019eau, y compris les ponts, les croisements de pipelines et les prises d\u2019eau. Une recherche r\u00e9cente dans le registre f\u00e9d\u00e9ral des projets en commun a permis d\u2019obtenir 17\u00a0autorisations d\u00e9livr\u00e9es en vertu de la <i>Loi sur les p\u00eaches <\/i>pour des projets dans le secteur p\u00e9trolier et gazier de l\u2019Ouest canadien depuis 2018.<\/span><\/p>\n<p class=\"MsoNormal\" style=\"font-style: normal; font-variant-ligatures: normal; font-variant-caps: normal; font-weight: 400; letter-spacing: normal; orphans: 2; text-indent: 0px; text-transform: none; widows: 2; word-spacing: 0px; -webkit-text-stroke-width: 0px; white-space: normal; text-decoration-thickness: initial; text-decoration-style: initial; text-decoration-color: initial; break-after: avoid; vertical-align: middle;\"><b><span lang=\"FR-CA\" style=\"letter-spacing: 0.1pt;\">91.21 Faillite et insolvabilit\u00e9<\/span><\/b><\/p>\n<p class=\"MsoNormal\" style=\"font-style: normal; font-variant-ligatures: normal; font-variant-caps: normal; font-weight: 400; letter-spacing: normal; orphans: 2; text-indent: 0px; text-transform: none; widows: 2; word-spacing: 0px; -webkit-text-stroke-width: 0px; white-space: normal; text-decoration-thickness: initial; text-decoration-style: initial; text-decoration-color: initial; vertical-align: middle;\"><span lang=\"FR-CA\" style=\"letter-spacing: 0.1pt;\">Le Parlement a comp\u00e9tence en mati\u00e8re de faillite et d\u2019insolvabilit\u00e9. Dans l\u2019exercice de cette comp\u00e9tence, il a adopt\u00e9 la <i>Loi sur la faillite et l\u2019insolvabilit\u00e9 <\/i>(L.R.C.\u00a01985, ch.\u00a0B-3 [\u00ab\u00a0<i>LFI<\/i>\u00a0\u00bb]). La <i>LFI<\/i> \u00ab\u00a0expose notamment les pouvoirs, obligations et attributions des s\u00e9questres et syndics charg\u00e9s d\u2019administrer l\u2019actif du failli ou l\u2019actif insolvable ainsi que la port\u00e9e des r\u00e9clamations qui rel\u00e8vent du processus de faillite\u00a0\u00bb\u00a0<sup><a title=\"\" href=\"#_ftn44\" name=\"_ftnref44\">[44]<\/a><\/sup>. Plus fondamentalement, et comme l\u2019a expliqu\u00e9 r\u00e9cemment la Cour supr\u00eame, \u00ab\u00a0sous r\u00e9serve de conditions raisonnables, la <i>LFI<\/i> permet au d\u00e9biteur honn\u00eate, mais infortun\u00e9, d\u2019\u00eatre lib\u00e9r\u00e9 du fardeau de l\u2019endettement et de r\u00e9int\u00e9grer la vie \u00e9conomique\u00a0\u00bb<sup><a title=\"\" href=\"#_ftn45\" name=\"_ftnref45\">[45]<\/a><\/sup>.<\/span><\/p>\n<p class=\"MsoNormal\" style=\"font-style: normal; font-variant-ligatures: normal; font-variant-caps: normal; font-weight: 400; letter-spacing: normal; orphans: 2; text-indent: 0px; text-transform: none; widows: 2; word-spacing: 0px; -webkit-text-stroke-width: 0px; white-space: normal; text-decoration-thickness: initial; text-decoration-style: initial; text-decoration-color: initial; vertical-align: middle;\"><span lang=\"FR-CA\" style=\"letter-spacing: 0.1pt;\">Le pouvoir du Parlement d\u2019\u00e9tablir les r\u00e8gles relatives \u00e0 la faillite et \u00e0 l\u2019insolvabilit\u00e9 est directement li\u00e9 au passif environnemental non capitalis\u00e9 et non garanti important des secteurs p\u00e9trolier et gazier (c.-\u00e0-d. les co\u00fbts de fermeture, d\u2019assainissement et de remise en \u00e9tat des sites et installations). Rajust\u00e9s en fonction de l\u2019inflation, on estime qu\u2019ils pourraient atteindre 320\u00a0milliards de dollars en Alberta seulement (conventionnels et non conventionnels)<sup><a title=\"\" href=\"#_ftn46\" name=\"_ftnref46\">[46]<\/a><\/sup>. \u00c0 l\u2019heure actuelle, \u00e0 d\u00e9faut de r\u00e9gimes solides de gestion du passif \u00e0 l\u2019\u00e9chelle provinciale<sup><a title=\"\" href=\"#_ftn47\" name=\"_ftnref47\">[47]<\/a><\/sup>, la <i>LFI<\/i> semble inviter les soci\u00e9t\u00e9s p\u00e9troli\u00e8res et gazi\u00e8res \u00e0 n\u00e9gliger ou \u00e0 ignorer leurs responsabilit\u00e9s environnementales aussi longtemps que possible, puis \u00e0 tenter de s\u2019en soustraire par une combinaison d\u2019op\u00e9rations de \u00ab\u00a0commerce intense dans des actifs ind\u00e9sirables\u00a0\u00bb et du processus de faillite<sup><a title=\"\" href=\"#_ftn48\" name=\"_ftnref48\">[48]<\/a><\/sup> \u2014 une approche qui para\u00eet fortement d\u00e9cal\u00e9e de la r\u00e9alit\u00e9 du d\u00e9biteur honn\u00eate, mais fauch\u00e9. C\u2019\u00e9tait le sous-texte du litige relativement r\u00e9cent et tr\u00e8s m\u00e9diatis\u00e9 de <i>Redwater<\/i> en Alberta (connu auparavant sous le nom d\u2019<i>Orphan Well\u00a0Association c. Grant Thornton Ltd.<\/i>)<sup><a title=\"\" href=\"#_ftn49\" name=\"_ftnref49\">[49]<\/a><\/sup>. Il ne manque pas non plus de sites industriels abandonn\u00e9s partout au Canada, y compris la mine Giant dans les Territoires du Nord-Ouest, dont l\u2019assainissement et la remise en \u00e9tat (des co\u00fbts repr\u00e9sentant des milliards de dollars) p\u00e8sent maintenant sur le tr\u00e9sor public<sup><a title=\"\" href=\"#_ftn50\" name=\"_ftnref50\">[50]<\/a><\/sup>. Il va sans dire que la comp\u00e9tence du Parlement en mati\u00e8re de faillite et d\u2019insolvabilit\u00e9 pourrait \u00eatre recalibr\u00e9e pour tenter d\u2019emp\u00eacher le d\u00e9tournement (diriger les co\u00fbts vers le Tr\u00e9sor) de ce qui devrait \u00eatre autrement un fardeau de co\u00fbts incombant au secteur priv\u00e9, et non pour faciliter ce genre d\u2019op\u00e9rations comme elle le fait pr\u00e9sentement.<\/span><\/p>\n<p class=\"MsoNormal\" style=\"font-style: normal; font-variant-ligatures: normal; font-variant-caps: normal; font-weight: 400; letter-spacing: normal; orphans: 2; text-indent: 0px; text-transform: none; widows: 2; word-spacing: 0px; -webkit-text-stroke-width: 0px; white-space: normal; text-decoration-thickness: initial; text-decoration-style: initial; text-decoration-color: initial; break-after: avoid; vertical-align: middle;\"><b><span lang=\"FR-CA\" style=\"letter-spacing: 0.1pt;\">91.27 Le droit criminel<\/span><\/b><\/p>\n<p class=\"MsoNormal\" style=\"font-style: normal; font-variant-ligatures: normal; font-variant-caps: normal; font-weight: 400; letter-spacing: normal; orphans: 2; text-indent: 0px; text-transform: none; widows: 2; word-spacing: 0px; -webkit-text-stroke-width: 0px; white-space: normal; text-decoration-thickness: initial; text-decoration-style: initial; text-decoration-color: initial; vertical-align: middle;\"><span lang=\"FR-CA\" style=\"letter-spacing: 0.1pt;\">Une loi et un r\u00e8glement seront valides en droit criminel par leur caract\u00e8re v\u00e9ritable si \u00ab\u00a0(1) [ils] contiennent une interdiction (2) assortie d\u2019une sanction et (3) reposent sur un objet de droit criminel\u00a0\u00bb<sup><a title=\"\" href=\"#_ftn51\" name=\"_ftnref51\">[51]<\/a><\/sup>. Ces exigences ont \u00e9t\u00e9 interpr\u00e9t\u00e9es avec souplesse par les tribunaux canadiens lorsqu\u2019ils ont confirm\u00e9 divers r\u00e9gimes f\u00e9d\u00e9raux importants\u00a0: \u00ab\u00a0La comp\u00e9tence du Parlement en mati\u00e8re de droit criminel est large et pl\u00e9ni\u00e8re [\u2026] Le droit criminel doit pouvoir s\u2019adapter aux ph\u00e9nom\u00e8nes nouveaux, et notre Cour \u201ca pris soin de ne pas geler la d\u00e9finition [de la comp\u00e9tence en mati\u00e8re criminelle] \u00e0 une \u00e9poque d\u00e9termin\u00e9e ni de la restreindre \u00e0 un domaine d\u2019activit\u00e9 fixe\u201d\u00a0\u00bb<sup><a title=\"\" href=\"#_ftn52\" name=\"_ftnref52\">[52]<\/a><\/sup>.<\/span><\/p>\n<p class=\"MsoNormal\" style=\"font-style: normal; font-variant-ligatures: normal; font-variant-caps: normal; font-weight: 400; letter-spacing: normal; orphans: 2; text-indent: 0px; text-transform: none; widows: 2; word-spacing: 0px; -webkit-text-stroke-width: 0px; white-space: normal; text-decoration-thickness: initial; text-decoration-style: initial; text-decoration-color: initial; vertical-align: middle;\"><span lang=\"FR-CA\">Le r\u00e9gime des \u00ab\u00a0substances toxiques\u00a0\u00bb de la <i>LCPE, 1999<\/i>, maintenu comme un exercice valide du pouvoir en mati\u00e8re de droit p\u00e9nal<sup><a title=\"\" href=\"#_ftn53\" name=\"_ftnref53\">[53]<\/a><\/sup>, est particuli\u00e8rement pertinent pour l\u2019exploitation p\u00e9troli\u00e8re et gazi\u00e8re. En 2005, le gouvernement f\u00e9d\u00e9ral a d\u00e9sign\u00e9 six types de GES comme \u00ab\u00a0substances toxiques\u00a0\u00bb en vertu de la Loi, lib\u00e9rant ainsi son m\u00e9canisme et ses pouvoirs de r\u00e8glementation \u00e0 appliquer au probl\u00e8me des changements climatiques. Depuis, il a adopt\u00e9 plusieurs r\u00e8glements importants en vertu de cette Loi.<\/span><\/p>\n<p class=\"MsoNormal\" style=\"font-style: normal; font-variant-ligatures: normal; font-variant-caps: normal; font-weight: 400; letter-spacing: normal; orphans: 2; text-indent: 0px; text-transform: none; widows: 2; word-spacing: 0px; -webkit-text-stroke-width: 0px; white-space: normal; text-decoration-thickness: initial; text-decoration-style: initial; text-decoration-color: initial; vertical-align: middle;\"><span lang=\"FR-CA\">Dans <i>Syncrude c Canada<\/i>, qui impliquait une contestation de la constitutionnalit\u00e9 du <i>R\u00e8glement sur les carburants renouvelables\u00a0<\/i>(DORS\/2010-189) (le \u00ab\u00a0<i>RCR<\/i>\u00a0\u00bb), adopt\u00e9 en application de la <i>LCPE, 1999<\/i>, la Cour d\u2019appel f\u00e9d\u00e9rale n\u2019a eu aucune difficult\u00e9 \u00e0 conclure que la lutte contre les changements climatiques \u00e9tait un objectif valide du droit criminel\u00a0: \u00ab\u00a0[\u2026]\u00a0il n\u2019est pas controvers\u00e9 que les GES sont nocifs pour la sant\u00e9 et l\u2019environnement et, \u00e0 ce titre, ils constituent un mal qui justifie l\u2019exercice de la comp\u00e9tence en mati\u00e8re de droit criminel\u00a0\u00bb<sup><a title=\"\" href=\"#_ftn54\" name=\"_ftnref54\">[54]<\/a><\/sup>. Le <i>RCR<\/i> n\u2019a pas non plus contrevenu aux exigences de forme de la comp\u00e9tence en mati\u00e8re de droit criminel (une interdiction assortie d\u2019une p\u00e9nalit\u00e9), m\u00eame s\u2019il incorporait des m\u00e9canismes de conformit\u00e9 fond\u00e9s sur le march\u00e9 pour accro\u00eetre sa souplesse. Dans des contestations ant\u00e9rieures de lois f\u00e9d\u00e9rales adopt\u00e9es en vertu de la comp\u00e9tence en mati\u00e8re de droit criminel, certaines provinces ont fait valoir que l\u2019existence d\u2019un r\u00e9gime de r\u00e8glementation relativement complexe va \u00e0 l\u2019encontre de l\u2019exigence relative \u00e0 la forme. Une question cruciale dans ce contexte est de savoir si l\u2019interdiction en cause \u00ab\u00a0ne se limit[e] pas \u00e0 assurer le respect du r\u00e9gime\u00a0[l\u00e9gislatif]\u00a0\u00bb, ce qui en ferait par nature un r\u00e9gime de r\u00e8glementation inacceptable, ou si elle forme en ellem\u00eame un tout et sert de fa\u00e7on ind\u00e9pendante les fins de la loi ou du r\u00e8glement en question<sup><a title=\"\" href=\"#_ftn55\" name=\"_ftnref55\">[55]<\/a><\/sup>. Le <i>RCR<\/i> satisfait \u00e0 cette exigence parce que l\u2019effet de son interdiction \u00ab\u00a0sur une base annuelle \u00e0 l\u2019\u00e9chelle du Canada\u00a0\u00bb est que \u00ab\u00a02\u00a0% moins de combustion fossile est consomm\u00e9e\u00a0\u00bb<sup><a title=\"\" href=\"#_ftn56\" name=\"_ftnref56\">[56]<\/a><\/sup>.<\/span><\/p>\n<p class=\"MsoNormal\" style=\"font-style: normal; font-variant-ligatures: normal; font-variant-caps: normal; font-weight: 400; letter-spacing: normal; orphans: 2; text-indent: 0px; text-transform: none; widows: 2; word-spacing: 0px; -webkit-text-stroke-width: 0px; white-space: normal; text-decoration-thickness: initial; text-decoration-style: initial; text-decoration-color: initial; vertical-align: middle;\"><span lang=\"FR-CA\" style=\"letter-spacing: 0.1pt;\">Le gouvernement f\u00e9d\u00e9ral a r\u00e9cemment adopt\u00e9 le <i>R\u00e8glement sur l\u2019\u00e9lectricit\u00e9 propre <\/i>(REP)<sup><a title=\"\" href=\"#_ftn57\" name=\"_ftnref57\">[57]<\/a><\/sup>, qui limitera les \u00e9missions de GES des centrales \u00e9lectriques (y compris les centrales au gaz naturel, \u00e0 compter de 2035), et il \u00e9labore un r\u00e8glement visant \u00e0 \u00e9tablir un plafond d\u2019\u00e9missions de GES pour le secteur p\u00e9trolier et gazier<sup><a title=\"\" href=\"#_ftn58\" name=\"_ftnref58\">[58]<\/a><\/sup>. La REP et le plafond d\u2019\u00e9missions propos\u00e9 pour le secteur du gaz naturel et du p\u00e9trole contiennent tous deux une interdiction d\u2019\u00e9mettre un certain niveau de GES, sous r\u00e9serve de certaines conditions. \u00c0 l\u2019instar du RCR, de telles interdictions sembleraient donc en ellesm\u00eames un tout et serviraient de fa\u00e7on ind\u00e9pendante les fins de la lutte contre le \u00ab\u00a0mal\u00a0\u00bb (ou le pr\u00e9judice appr\u00e9hend\u00e9) que sont les changements climatiques anthropiques en r\u00e9duisant les \u00e9missions globales de GES et ne visent pas simplement \u00e0 assurer la conformit\u00e9 avec ces r\u00e9gimes. Bien que les interdictions relatives aux GES entra\u00eenent in\u00e9vitablement des r\u00e9percussions sur la production d\u2019\u00e9lectricit\u00e9 ou de p\u00e9trole et de gaz, celles-ci seraient accessoires, et par cons\u00e9quent, constitutionnelles<sup><a title=\"\" href=\"#_ftn59\" name=\"_ftnref59\">[59]<\/a><\/sup>.<\/span><\/p>\n<p class=\"MsoNormal\" style=\"font-style: normal; font-variant-ligatures: normal; font-variant-caps: normal; font-weight: 400; letter-spacing: normal; orphans: 2; text-indent: 0px; text-transform: none; widows: 2; word-spacing: 0px; -webkit-text-stroke-width: 0px; white-space: normal; text-decoration-thickness: initial; text-decoration-style: initial; text-decoration-color: initial; break-after: avoid; vertical-align: middle;\"><b><span lang=\"FR-CA\" style=\"letter-spacing: 0.1pt;\">92.10(a) Travaux et entreprises d\u2019une nature interprovinciale<\/span><\/b><\/p>\n<p class=\"MsoNormal\" style=\"font-style: normal; font-variant-ligatures: normal; font-variant-caps: normal; font-weight: 400; letter-spacing: normal; orphans: 2; text-indent: 0px; text-transform: none; widows: 2; word-spacing: 0px; -webkit-text-stroke-width: 0px; white-space: normal; text-decoration-thickness: initial; text-decoration-style: initial; text-decoration-color: initial; vertical-align: middle;\"><span lang=\"FR-CA\" style=\"letter-spacing: 0.1pt;\">Le gouvernement f\u00e9d\u00e9ral exerce une comp\u00e9tence l\u00e9gislative sur les travaux et entreprises d\u2019une nature interprovinciale. Cela comprend les chemins de fer et les pipelines interprovinciaux. La nature de cette comp\u00e9tence peut \u00eatre tir\u00e9e de son histoire, et plus particuli\u00e8rement de sa d\u00e9finition explicite de la comp\u00e9tence provinciale sur les travaux et entreprises d\u2019une nature locale\u00a0: \u00ab\u00a0Ainsi, le par. 92(10) privil\u00e9giait la r\u00e8glementation locale, mais certains travaux et entreprises rev\u00eataient une importance nationale suffisante pour justifier un contr\u00f4le centralis\u00e9\u00a0\u00bb\u00a0<sup><a title=\"\" href=\"#_ftn60\" name=\"_ftnref60\">[60]<\/a><\/sup>. La comp\u00e9tence l\u00e9gislative du l\u00e9gislateur en ce qui concerne les travaux et entreprises de nature interprovinciale, dont les ol\u00e9oducs ou gazoducs interprovinciaux, peut \u00eatre d\u00e9crite comme \u00e9tant exhaustive et englobant toutes les consid\u00e9rations d\u2019ordre social, \u00e9conomique et environnemental pertinentes<sup><a title=\"\" href=\"#_ftn61\" name=\"_ftnref61\">[61]<\/a><\/sup>.<\/span><\/p>\n<p class=\"MsoNormal\" style=\"font-style: normal; font-variant-ligatures: normal; font-variant-caps: normal; font-weight: 400; letter-spacing: normal; orphans: 2; text-indent: 0px; text-transform: none; widows: 2; word-spacing: 0px; -webkit-text-stroke-width: 0px; white-space: normal; text-decoration-thickness: initial; text-decoration-style: initial; text-decoration-color: initial; break-after: avoid; vertical-align: middle;\"><b><span lang=\"FR-CA\" style=\"letter-spacing: 0.1pt;\">91. Pouvoir r\u00e9siduel\u00a0: Paix, ordre et bon gouvernement<\/span><\/b><\/p>\n<p class=\"MsoNormal\" style=\"font-style: normal; font-variant-ligatures: normal; font-variant-caps: normal; font-weight: 400; letter-spacing: normal; orphans: 2; text-indent: 0px; text-transform: none; widows: 2; word-spacing: 0px; -webkit-text-stroke-width: 0px; white-space: normal; text-decoration-thickness: initial; text-decoration-style: initial; text-decoration-color: initial; vertical-align: middle;\"><span lang=\"FR-CA\" style=\"letter-spacing: 0.1pt;\">\u00c0 premi\u00e8re vue, le paragraphe d\u2019introduction de l\u2019article\u00a091 autorise largement le gouvernement f\u00e9d\u00e9ral \u00e0 \u00ab\u00a0faire des lois pour la paix, l\u2019ordre et le bon gouvernement du Canada\u00a0\u00bb. Lue litt\u00e9ralement, la liste des \u00ab\u00a0cat\u00e9gories de sujets\u00a0\u00bb f\u00e9d\u00e9raux (chefs de comp\u00e9tence) qui suit vise \u00e0 <i>clarifier<\/i> (\u00ab\u00a0pour plus de garantie\u00a0\u00bb) ce vaste pouvoir l\u00e9gislatif \u00ab\u00a0sans toutefois restreindre la g\u00e9n\u00e9ralit\u00e9 des termes ci-haut employ\u00e9s dans le pr\u00e9sent article\u00a0\u00bb. La seule limite <i>explicite<\/i> au pouvoir g\u00e9n\u00e9ral en mati\u00e8re de POBG est l\u2019exclusion explicite des \u00ab\u00a0cat\u00e9gories de sujets\u00a0\u00bb (chefs de comp\u00e9tence) attribu\u00e9s aux provinces \u00e0 l\u2019article\u00a092. N\u00e9anmoins, au cours des derni\u00e8res d\u00e9cennies, le pouvoir en mati\u00e8re de POBG a fait l\u2019objet d\u2019une interpr\u00e9tation restrictive. \u00c0 l\u2019heure actuelle, il comporte deux volets\u00a0: le volet relatif \u00e0 l\u2019urgence et le volet relatif \u00e0 l\u2019int\u00e9r\u00eat national. Le volet relatif \u00e0 l\u2019urgence fournit un vaste fondement constitutionnel pour r\u00e9pondre aux urgences nationales, mais toute loi adopt\u00e9e dans cette optique doit \u00eatre de nature temporaire (jusqu\u2019\u00e0 ce que l\u2019\u00e9tat d\u2019urgence soit pass\u00e9)<sup><a title=\"\" href=\"#_ftn62\" name=\"_ftnref62\">[62]<\/a><\/sup>. Les param\u00e8tres et crit\u00e8res relatifs \u00e0 l\u2019\u00ab\u00a0int\u00e9r\u00eat national\u00a0\u00bb ont r\u00e9cemment \u00e9t\u00e9 r\u00e9vis\u00e9s dans <i>Renvois relatifs <\/i>la <i>LTPCGES<\/i><sup><a title=\"\" href=\"#_ftn63\" name=\"_ftnref63\">[63]<\/a><\/sup>, o\u00f9 une majorit\u00e9 des juges de la Cour supr\u00eame du Canada a maintenu la <i>LTPCGES<\/i> au motif que \u00ab\u00a0l\u2019\u00e9tablissement de normes nationales minimales de tarification rigoureuse des GES en vue de r\u00e9duire les \u00e9missions de ces gaz\u00a0\u00bb \u00e9tait une question d\u2019int\u00e9r\u00eat national<sup><a title=\"\" href=\"#_ftn64\" name=\"_ftnref64\">[64]<\/a><\/sup>.<\/span><\/p>\n<p class=\"MsoNormal\" style=\"font-style: normal; font-variant-ligatures: normal; font-variant-caps: normal; font-weight: 400; letter-spacing: normal; orphans: 2; text-indent: 0px; text-transform: none; widows: 2; word-spacing: 0px; -webkit-text-stroke-width: 0px; white-space: normal; text-decoration-thickness: initial; text-decoration-style: initial; text-decoration-color: initial; vertical-align: middle;\"><span lang=\"FR-CA\">Les questions d\u2019int\u00e9r\u00eat national reconnues ant\u00e9rieurement comprennent la pollution du milieu marin<sup><a title=\"\" href=\"#_ftn65\" name=\"_ftnref65\">[65]<\/a><\/sup> et la pollution des cours d\u2019eau interprovinciaux<sup><a title=\"\" href=\"#_ftn66\" name=\"_ftnref66\">[66]<\/a><\/sup>. Dans l\u2019arr\u00eat <i>Renvoi relatif \u00e0 la LEI<\/i>, la Cour supr\u00eame a conclu que le gouvernement f\u00e9d\u00e9ral ne pouvait pas s\u2019appuyer sur la question de l\u2019int\u00e9r\u00eat national soulev\u00e9e dans le <i>Renvoi relatif \u00e0 la LTPCGES <\/i>pour ancrer constitutionnalit\u00e9 de l\u2019application de la LEI aux \u00e9missions de gaz \u00e0 effet de serre des grands projets<sup><a title=\"\" href=\"#_ftn67\" name=\"_ftnref67\">[67]<\/a><\/sup>. Par cons\u00e9quent, toute invocation ult\u00e9rieure du pouvoir en mati\u00e8re de POBG pour une question touchant les changements climatiques, en vertu de la <i>LEI<\/i> ou d\u2019un autre instrument, exige la d\u00e9monstration de l\u2019existence d\u2019une nouvelle question d\u2019int\u00e9r\u00eat national en satisfaisant au crit\u00e8re r\u00e9vis\u00e9 \u00e0 trois volets\u00a0:<\/span><\/p>\n<ol style=\"list-style-type: lower-roman;\">\n<li class=\"MsoNormal\" style=\"font-style: normal; font-variant-ligatures: normal; font-variant-caps: normal; font-weight: 400; letter-spacing: normal; orphans: 2; text-transform: none; widows: 2; word-spacing: 0px; -webkit-text-stroke-width: 0px; white-space: normal; text-decoration-thickness: initial; text-decoration-style: initial; text-decoration-color: initial; vertical-align: middle;\"><span lang=\"FR-CA\" style=\"letter-spacing: 0.1pt;\">Question d\u00e9terminante\u00a0: Existe-t-il un fondement probant pour affirmer qu\u2019une question donn\u00e9e est d\u2019importance nationale ?<\/span><\/li>\n<li class=\"MsoNormal\" style=\"font-style: normal; font-variant-ligatures: normal; font-variant-caps: normal; font-weight: 400; letter-spacing: normal; orphans: 2; text-transform: none; widows: 2; word-spacing: 0px; -webkit-text-stroke-width: 0px; white-space: normal; text-decoration-thickness: initial; text-decoration-style: initial; text-decoration-color: initial; vertical-align: middle;\"><span lang=\"FR-CA\" style=\"letter-spacing: 0.1pt;\">Unicit\u00e9, sp\u00e9cificit\u00e9 et indivisibilit\u00e9\u00a0: La question peut-elle \u00eatre distingu\u00e9e des questions relevant de la comp\u00e9tence provinciale, dans l\u2019\u00e9ventualit\u00e9 d\u2019une incapacit\u00e9 de l\u2019administration provinciale \u00e0 traiter cette question en particulier;<\/span><\/li>\n<li class=\"MsoNormal\" style=\"font-style: normal; font-variant-ligatures: normal; font-variant-caps: normal; font-weight: 400; letter-spacing: normal; orphans: 2; text-transform: none; widows: 2; word-spacing: 0px; -webkit-text-stroke-width: 0px; white-space: normal; text-decoration-thickness: initial; text-decoration-style: initial; text-decoration-color: initial; vertical-align: middle;\"><span lang=\"FR-CA\" style=\"letter-spacing: 0.1pt;\">Ampleur de l\u2019impact\u00a0: Concilier les int\u00e9r\u00eats provinciaux et f\u00e9d\u00e9raux en cause.<\/span><\/li>\n<\/ol>\n<p class=\"MsoNormal\" style=\"font-style: normal; font-variant-ligatures: normal; font-variant-caps: normal; font-weight: 400; letter-spacing: normal; orphans: 2; text-indent: 0px; text-transform: none; widows: 2; word-spacing: 0px; -webkit-text-stroke-width: 0px; white-space: normal; text-decoration-thickness: initial; text-decoration-style: initial; text-decoration-color: initial; break-after: avoid; vertical-align: middle;\"><b><span lang=\"FR-CA\" style=\"text-transform: uppercase; letter-spacing: 0.1pt;\">PARTIE\u00a0IV\u00a0: CONCLUSION<\/span><\/b><\/p>\n<p class=\"MsoNormal\" style=\"font-style: normal; font-variant-ligatures: normal; font-variant-caps: normal; font-weight: 400; letter-spacing: normal; orphans: 2; text-indent: 0px; text-transform: none; widows: 2; word-spacing: 0px; -webkit-text-stroke-width: 0px; white-space: normal; text-decoration-thickness: initial; text-decoration-style: initial; text-decoration-color: initial; vertical-align: middle;\"><span lang=\"FR-CA\" style=\"letter-spacing: 0.1pt;\">Bien que l\u2019exploitation p\u00e9troli\u00e8re et gazi\u00e8re rel\u00e8ve clairement de la comp\u00e9tence l\u00e9gislative des provinces, la discussion qui pr\u00e9c\u00e8de montre clairement que de nombreuses autorit\u00e9s l\u00e9gislatives f\u00e9d\u00e9rales peuvent \u00e9galement \u00eatre impliqu\u00e9es, directement ou indirectement. L\u2019exploitation du p\u00e9trole et du gaz naturel sur le territoire domanial, au large des c\u00f4tes et dans les r\u00e9serves autochtones, ainsi que le transport et l\u2019exportation de la ressource par l\u2019interm\u00e9diaire des corridors interprovinciaux et internationaux, sont autant d\u2019activit\u00e9s qui rel\u00e8vent directement de la comp\u00e9tence l\u00e9gislative f\u00e9d\u00e9rale. Indirectement, l\u2019exploitation du gaz naturel et du p\u00e9trole implique et fait intervenir la comp\u00e9tence f\u00e9d\u00e9rale en ce qui concerne les questions de la navigation, des p\u00eaches, des Autochtones et les terres qui leur sont r\u00e9serv\u00e9es, de la pollution transfrontali\u00e8re des cours d\u2019eau, des oiseaux migrateurs, et certains aspects du r\u00f4le du gouvernement f\u00e9d\u00e9ral li\u00e9 aux changements climatiques. La discussion qui pr\u00e9c\u00e8de et les exemples fournis r\u00e9v\u00e8lent \u00e9galement que, \u00e0 quelques exceptions pr\u00e8s, l\u2019autorit\u00e9 l\u00e9gislative f\u00e9d\u00e9rale a \u00e9t\u00e9 utilis\u00e9e pour faciliter et promouvoir l\u2019exploitation des ressources naturelles, y compris l\u2019exploitation p\u00e9troli\u00e8re et gazi\u00e8re, au cours des deux derni\u00e8res d\u00e9cennies.<\/span><span lang=\"FR-CA\" style=\"position: relative; top: 1pt; letter-spacing: 0.1pt;\">\u00a0<\/span><\/p>\n<div><\/div>\n<div style=\"font-style: normal; font-variant-ligatures: normal; font-variant-caps: normal; font-weight: 400; letter-spacing: normal; orphans: 2; text-align: start; text-indent: 0px; text-transform: none; widows: 2; word-spacing: 0px; -webkit-text-stroke-width: 0px; white-space: normal; text-decoration-thickness: initial; text-decoration-style: initial; text-decoration-color: initial;\">\n<ul class=\"footnote\" style=\"list-style-type: none;\">\n<li>* Professeur agr\u00e9g\u00e9 et titulaire de la chaire en \u00e9nergie, ressources et durabilit\u00e9 \u00e0 la facult\u00e9 de droit de l\u2019Universit\u00e9 de Calgary.<\/li>\n<li><a href=\"#_ftnref1\" name=\"_ftn1\"><sup>1<\/sup><\/a> Voir Martin\u00a0Z.\u00a0Olszynski, <em>General Rules and Principles of Federal Legislative Authority in Relation to Oil and Gas Development in Canada<\/em>, (Winnipeg: International Institute for Sustainable Development, 2025), en ligne (pdf)\u00a0: &lt;<a href=\"http:\/\/iisd.org\/system\/files\/2025-02\/canada-federal-authority-oil-gas-development.pdf\" target=\"_blank\" rel=\"noopener\">iisd.org\/system\/files\/2025-02\/canada-federal-authority-oil-gas-development.pdf<\/a>&gt;.<\/li>\n<li><a href=\"#_ftnref2\" name=\"_ftn2\"><sup>2<\/sup><\/a> <em>Loi constitutionnelle de 1867<\/em> (R-U), 30 &amp; 31\u00a0Victoria, c\u00a03, art\u00a091, reproduit dans LRC\u00a01985, annexe\u00a0II, no\u00a05.<\/li>\n<li><a href=\"#_ftnref3\" name=\"_ftn3\"><sup>3<\/sup><\/a> Bankes,\u00a0Nigel et Andrew\u00a0Leach, \u00ab\u00a0The Word \u2018Exclusive\u2019 Does Not Confer a Constitutional Monopoly, Nor a Right to Develop Provincial Resource Projects\u00a0\u00bb (1\u00a0novembre\u00a02023), en ligne (blogue)\u00a0: &lt;<a href=\"http:\/\/ablawg.ca\/2023\/11\/01\/the-word-exclusive-does-not-confer-a-constitutional-monopoly-nor-a-right-to-develop-provincial-resource-projects\" target=\"_blank\" rel=\"noopener\">ablawg.ca\/2023\/11\/01\/the-word-exclusive-does-not-confer-a-constitutional-monopoly-nor-a-right-to-develop-provincial-resource-projects<\/a>&gt;.<\/li>\n<li><a href=\"#_ftnref4\" name=\"_ftn4\"><sup>4<\/sup><\/a> Peter\u00a0W.\u00a0Hogg, <em>Constitutional Law of Canada<\/em>, 5<sup>e<\/sup>\u00a0\u00e9d \u00a7\u00a057:4 et \u00a76:8 (Scarborough\u00a0: Osgoode Hall Law School of York University, 2007).<\/li>\n<li><a href=\"#_ftnref5\" name=\"_ftn5\"><sup>5<\/sup><\/a> Thomas\u00a0Gunton, <em>Assessment of fossil fuel subsidies in Canada: A case study of the Trans Mountain Pipeline<\/em>. (Winnipeg: International Institute for Sustainable Development, 2024), en ligne (pdf)\u00a0: &lt;<a href=\"http:\/\/iisd.org\/system\/files\/2024-09\/fossil-fuel-subsidies-trans-mountain-pipeline.pdf\" target=\"_blank\" rel=\"noopener\">iisd.org\/system\/files\/2024-09\/fossil-fuel-subsidies-trans-mountain-pipeline.pdf<\/a>&gt;.<\/li>\n<li><a href=\"#_ftnref6\" name=\"_ftn6\"><sup>6<\/sup><\/a> Pour une discussion au sujet de ces fonds, voir Bankes, Nigel &amp; al., \u00ab\u00a0Governance and Accountability: Preconditions for Committing Public Funds to Orphan Wells and Facilities and Inactive Wells\u00a0\u00bb (24\u00a0avril\u00a02020), en ligne\u00a0(blogue)\u00a0: &lt;<a href=\"http:\/\/ablawg.ca\/2020\/04\/24\/governance-and-accountability-preconditions-for-committing-public-funds-to-orphan-wells-and-facilities-and-inactive-wells\" target=\"_blank\" rel=\"noopener\">ablawg.ca\/2020\/04\/24\/governance-and-accountability-preconditions-for-committing-public-funds-to-orphan-wells-and-facilities-and-inactive-wells<\/a>&gt;.<\/li>\n<li><a href=\"#_ftnref7\" name=\"_ftn7\"><sup>7<\/sup><\/a> <em>Supra<\/em> note\u00a04 au \u00a7\u00a022.10.<\/li>\n<li><a href=\"#_ftnref8\" name=\"_ftn8\"><sup>8<\/sup><\/a> <em>Ibid<\/em>.<\/li>\n<li><a href=\"#_ftnref9\" name=\"_ftn9\"><sup>9<\/sup><\/a> <em>Renvoi relatif \u00e0 la Loi sur l\u2019\u00e9valuation d\u2019impact<\/em>, 2023\u00a0CSC\u00a023 [<em>Renvoi relatif \u00e0 la Loi sur l\u2019\u00e9valuation d\u2019impact<\/em>]<\/li>\n<li><a href=\"#_ftnref10\" name=\"_ftn10\"><sup>10<\/sup><\/a> <em>Renvois relatifs \u00e0 la Loi sur la tarification de la pollution caus\u00e9e par les gaz \u00e0 effet de serre<\/em>,\u00a02021\u00a0CSC\u00a011 aux paras\u00a0129\u201330 [<em>Renvois relatifs \u00e0 la LTPCGES<\/em>]. Une analyse d\u00e9taill\u00e9e de la doctrine de la pr\u00e9pond\u00e9rance d\u00e9passe la port\u00e9e du pr\u00e9sent article.<\/li>\n<li><a href=\"#_ftnref11\" name=\"_ftn11\"><sup>11<\/sup><\/a> <em>Banque canadienne de l\u2019Ouest c. Alberta<\/em>, 2007\u00a0CSC\u00a022 au para\u00a025 [<em>Banque canadienne de l\u2019Ouest<\/em>].<\/li>\n<li><a href=\"#_ftnref12\" name=\"_ftn12\"><sup>12<\/sup><\/a> <em>Renvoi relatif \u00e0 la LEI<\/em>, <em>supra<\/em> note\u00a09 au para\u00a061.<\/li>\n<li><a href=\"#_ftnref13\" name=\"_ftn13\"><sup>13<\/sup><\/a> <em>Banque canadienne de l\u2019Ouest<\/em>, <em>supra<\/em> note\u00a011 au para\u00a027.<\/li>\n<li><a href=\"#_ftnref14\" name=\"_ftn14\"><sup>14<\/sup><\/a> <em>Renvois relatifs \u00e0 la LTPCGE<\/em>S, <em>supra<\/em> note\u00a010.<\/li>\n<li><a href=\"#_ftnref15\" name=\"_ftn15\"><sup>15<\/sup><\/a> <em>Ibid<\/em> au para\u00a080.<\/li>\n<li><a href=\"#_ftnref16\" name=\"_ftn16\"><sup>16<\/sup><\/a> <em>Ibid<\/em> aux paras\u00a057, 80.<\/li>\n<li><a href=\"#_ftnref17\" name=\"_ftn17\"><sup>17<\/sup><\/a> <em>Renvoi relatif \u00e0 la LEI<\/em>, <em>supra<\/em> note\u00a09 au para\u00a0110.<\/li>\n<li><a href=\"#_ftnref18\" name=\"_ftn18\"><sup>18<\/sup><\/a> <em>Ward c Canada (Procureur g\u00e9n\u00e9ral)<\/em>, 2002 CSC 17 au para\u00a030 [<em>Ward<\/em>].<\/li>\n<li><a href=\"#_ftnref19\" name=\"_ftn19\"><sup>19<\/sup><\/a> <em>Renvoi relatif \u00e0 la LEI<\/em>, <em>supra<\/em> note\u00a09\u00a0aux paras\u00a0117, 119.<\/li>\n<li><a href=\"#_ftnref20\" name=\"_ftn20\"><sup>20<\/sup><\/a> <em>Ibid<\/em> aux paras\u00a0120\u201321.<\/li>\n<li><a href=\"#_ftnref21\" name=\"_ftn21\"><sup>21<\/sup><\/a> <em>Transport Desgagn\u00e9s inc. c W\u00e4rtsil\u00e4 Canada Inc.<\/em>, 2019\u00a0CSC\u00a058 au para\u00a041 [<em>Desgagn\u00e9s\u00a0Transport<\/em>].<\/li>\n<li><a href=\"#_ftnref22\" name=\"_ftn22\"><sup>22<\/sup><\/a> <em>Banque canadienne de l\u2019Ouest<\/em>, <em>supra<\/em> note\u00a011 au para\u00a028.<\/li>\n<li><a href=\"#_ftnref23\" name=\"_ftn23\"><sup>23<\/sup><\/a> <em>Ibid<\/em> au para\u00a029.<\/li>\n<li><a href=\"#_ftnref24\" name=\"_ftn24\"><sup>24<\/sup><\/a> Voir <em>Imperial Oil Resources Ventures Limited v Canada (Fisheries and Oceans),<\/em> 2008 CanLII 382 (CF)<\/li>\n<li><a href=\"#_ftnref25\" name=\"_ftn25\"><sup>25<\/sup><\/a> <em>Banque canadienne de l\u2019Ouest<\/em>, <em>supra<\/em> note\u00a011 au para\u00a022.<\/li>\n<li><a href=\"#_ftnref26\" name=\"_ftn26\"><sup>26<\/sup><\/a> <em>Ward<\/em>, <em>supra<\/em> note\u00a018 au para\u00a042.<\/li>\n<li><a href=\"#_ftnref27\" name=\"_ftn27\"><sup>27<\/sup><\/a> Nigel\u00a0Bankes et Andrew\u00a0Leach, \u00ab\u00a0Preparing for a mid-life crisis: Section 92A at 40\u00a0\u00bb (2023) 60:4 <em>Alberta L Rev\u00a0<\/em>853 \u00e0 863.<\/li>\n<li><a href=\"#_ftnref28\" name=\"_ftn28\"><sup>28<\/sup><\/a> Isabelle\u00a0Brideau et al., <em>Le partage des comp\u00e9tences l\u00e9gislatives\u00a0: Un aper\u00e7u<\/em> (Ottawa\u00a0: Biblioth\u00e8que du Parlement, 2022), Publication no\u00a02019-35-F, en ligne (pdf)\u00a0: &lt;<a href=\"http:\/\/bdp.parl.ca\/staticfiles\/PublicWebsite\/Home\/ResearchPublications\/HillStudies\/PDF\/2019-35-F.pdf\" target=\"_blank\" rel=\"noopener\">bdp.parl.ca\/staticfiles\/PublicWebsite\/Home\/ResearchPublications\/HillStudies\/PDF\/2019-35-F.pdf<\/a>&gt;.<\/li>\n<li><a href=\"#_ftnref29\" name=\"_ftn29\"><sup>29<\/sup><\/a> Pour un aper\u00e7u des lois et des accords pertinents, voir gouvernement du Canada, \u00ab\u00a0L\u00e9gislation et r\u00e8glements &#8211; Hydrocarbures extrac\u00f4tiers\u00a0\u00bb (derni\u00e8re modification le 7\u00a0janvier\u00a02025), en ligne\u00a0: &lt;<a href=\"http:\/\/natural-resources.canada.ca\/energy-sources\/fossil-fuels\/legislation-regulations-offshore-oil-gas\" target=\"_blank\" rel=\"noopener\">natural-resources.canada.ca\/energy-sources\/fossil-fuels\/legislation-regulations-offshore-oil-gas<\/a>&gt;.<\/li>\n<li><a href=\"#_ftnref30\" name=\"_ftn30\"><sup>30<\/sup><\/a> <em>Renvoi relatif \u00e0 la r\u00e8glementation pancanadienne des valeurs mobili\u00e8res<\/em>, 2018\u00a0CSC\u00a048 au para\u00a0100. Voir aussi Peter\u00a0W.\u00a0Hogg, <em>Constitutional law of Canada<\/em>, 5<sup>e<\/sup>\u00a0\u00e9d (Scarborough\u00a0: Thomson Carswell, 2019) \u00a7 20:3.<\/li>\n<li><a href=\"#_ftnref31\" name=\"_ftn31\"><sup>31<\/sup><\/a> <em>P.G. (Can.) c Transports Nationaux du Can., Lt\u00e9e<\/em>, 1983 2 RCS 206 \u00e0 la p\u00a0267.<\/li>\n<li><a href=\"#_ftnref32\" name=\"_ftn32\"><sup>32<\/sup><\/a> <em>Renvoi relatif \u00e0 la r\u00e8glementation pancanadienne des valeurs mobili\u00e8res<\/em>, <em>supra<\/em> note\u00a030 au para\u00a0103\u00a0: \u00ab\u00a0(1) La loi s\u2019inscritelle dans un r\u00e9gime g\u00e9n\u00e9ral de r\u00e8glementation\u00a0? (2) Le r\u00e9gime faitil l\u2019objet de surveillance constante par un organisme de r\u00e8glementation\u00a0? (3) La loi portetelle sur le commerce dans son ensemble plut\u00f4t que sur un secteur en particulier ? (4) Le r\u00e9gime estil d\u2019une nature telle que la Constitution n\u2019habiliterait pas les provinces, seules ou de concert, \u00e0 l\u2019adopter\u00a0? (5) L\u2019omission d\u2019inclure une seule ou plusieurs provinces ou localit\u00e9s dans le r\u00e9gime en compromettraitelle l\u2019application dans d\u2019autres parties du pays\u00a0?\u00a0\u00bb.<\/li>\n<li><a href=\"#_ftnref33\" name=\"_ftn33\"><sup>33<\/sup><\/a> Voir <em>R\u00e8glement sur l\u2019exportation des substances figurant \u00e0 la Liste des substances d\u2019exportation contr\u00f4l\u00e9e<\/em>, DORS\/2013-88 et <em>R\u00e8glement interdisant l\u2019amiante et les produits contenant de l\u2019amiante<\/em>, DORS\/2018-196.<\/li>\n<li><a href=\"#_ftnref34\" name=\"_ftn34\"><sup>34<\/sup><\/a> Martin\u00a0Z.P.\u00a0Olszynski, \u00ab\u00a0The commodification of Canadian water: Exploring international trade implications\u00a0\u00bb (2006) 69\u00a0Sask L Rev, 221.<\/li>\n<li><a href=\"#_ftnref35\" name=\"_ftn35\"><sup>35<\/sup><\/a> <em>Supra<\/em> note\u00a030 au \u00a7\u00a031.1.<\/li>\n<li><a href=\"#_ftnref36\" name=\"_ftn36\"><sup>36<\/sup><\/a> Bryan\u00a0P.\u00a0Schwartz, \u00ab\u00a0Legal Opinion on the Constitutionality of the Federal Carbon Pricing Benchmark &amp; Backstop Proposals\u00a0\u00bb (6\u00a0octobre\u00a02017), pr\u00e9par\u00e9 pour le gouvernement du Manitoba, en ligne (pdf)\u00a0: &lt;<a href=\"http:\/\/gov.mb.ca\/asset_library\/en\/climatechange\/federal_carbon_pricing_benchmark_backstop_proposals.pdf\" target=\"_blank\" rel=\"noopener\">gov.mb.ca\/asset_library\/en\/climatechange\/federal_carbon_pricing_benchmark_backstop_proposals.pdf<\/a>&gt;; voir aussi <em>Renvoi relatif \u00e0 la LTPCGES<\/em>, <em>supra<\/em> note\u00a010 au para\u00a0219.<\/li>\n<li><a href=\"#_ftnref37\" name=\"_ftn37\"><sup>37<\/sup><\/a> Ketchum, Ken, Robert\u00a0Lavigne et Reg\u00a0Plummer, \u00ab\u00a0Oils Sands Tax Expenditures\u00a0\u00bb (2001) Minist\u00e8re des Finances Canada, document de travail\u00a02001-17, en ligne (pdf)\u00a0: &lt;<a href=\"http:\/\/publications.gc.ca\/collections\/collection_2008\/fin\/F21-8-2001-17E.pdf\" target=\"_blank\" rel=\"noopener\">publications.gc.ca\/collections\/collection_2008\/fin\/F21-8-2001-17E.pdf<\/a>&gt;.<\/li>\n<li><a href=\"#_ftnref38\" name=\"_ftn38\"><sup>38<\/sup><\/a> Projet de loi\u00a0C-69, <em>Loi portant ex\u00e9cution de certaines dispositions du budget d\u00e9pos\u00e9 au Parlement le 16\u00a0avril\u00a02024<\/em>, 1<sup>re<\/sup>\u00a0session, 44<sup>e<\/sup>\u00a0l\u00e9gislature, 2024, en ligne\u00a0: &lt;<a href=\"http:\/\/parl.ca\/documentviewer\/fr\/44-1\/projet-loi\/C-69\/sanction-royal\" target=\"_blank\" rel=\"noopener\">parl.ca\/documentviewer\/fr\/44-1\/projet-loi\/C-69\/sanction-royal<\/a>&gt;.<\/li>\n<li><a href=\"#_ftnref39\" name=\"_ftn39\"><sup>39<\/sup><\/a> <em>Desgagn\u00e9s<\/em>, <em>supra<\/em> note\u00a021 au para\u00a045.<\/li>\n<li><a href=\"#_ftnref40\" name=\"_ftn40\"><sup>40<\/sup><\/a> <em>Friends of the Oldman River Society c Canada (Ministre des Transports)<\/em>, 1992 CanLII 110 CSC, [1992] 1 RCS 3.<\/li>\n<li><a href=\"#_ftnref41\" name=\"_ftn41\"><sup>41<\/sup><\/a> Voir Gouvernement du Canada, \u00ab\u00a0Recherche de projet en commun \u00bb (derni\u00e8re modification le 19\u00a0f\u00e9vrier\u00a02025), en ligne\u00a0: &lt;<a href=\"http:\/\/common-project-search.canada.ca\/search-recherche?view=map\" target=\"_blank\" rel=\"noopener\">common-project-search.canada.ca\/search-recherche?view=map<\/a>&gt;.<\/li>\n<li><a href=\"#_ftnref42\" name=\"_ftn42\"><sup>42<\/sup><\/a> <em>Tsleil-Waututh Nation v Canada (Attorney General)<\/em> 2018 FCA\u00a0153. Voir Martin\u00a0Z.\u00a0Olszynski et David\u00a0V.\u00a0Wright, \u00ab\u00a0<em>Tsleil-Waututh Nation v Canada (Attorney General)\u00a0<\/em>: Clarifying the (F)Laws in Canada\u2019s Pipeline Approval Process\u00a0\u00bb (2019) 22:4 Can Envtl L Reports\u00a08.<\/li>\n<li><a href=\"#_ftnref43\" name=\"_ftn43\"><sup>43<\/sup><\/a> <em>Ward<\/em>, <em>supra<\/em> note\u00a018 au para\u00a041.<\/li>\n<li><a href=\"#_ftnref44\" name=\"_ftn44\"><sup>44<\/sup><\/a> <em>Orphan Well Association c Grant Thornton Ltd.<\/em>, 2019 CSC 5 au para 178.<\/li>\n<li><a href=\"#_ftnref45\" name=\"_ftn45\"><sup>45<\/sup><\/a> <em>Poonian c Colombie-Britannique (Securities Commission)<\/em>, 2024\u00a0CSC\u00a028 au para\u00a01.<\/li>\n<li><a href=\"#_ftnref46\" name=\"_ftn46\"><sup>46<\/sup><\/a> De Souza, Mike &amp; al., \u00ab\u00a0Cleaning up Alberta\u2019s oil patch could cost $260 billion, internal documents warn\u00a0\u00bb (derni\u00e8re modification le 21\u00a0novembre\u00a02018), en ligne\u00a0: &lt;<a href=\"http:\/\/globalnews.ca\/news\/4617664\/cleaning-up-albertas-oilpatch-could-cost-260-billion-regulatory-documents-warn\" target=\"_blank\" rel=\"noopener\">globalnews.ca\/news\/4617664\/cleaning-up-albertas-oilpatch-could-cost-260-billion-regulatory-documents-warn<\/a>&gt;.<\/li>\n<li><a href=\"#_ftnref47\" name=\"_ftn47\"><sup>47<\/sup><\/a> Voir Martin\u00a0Olszynski, Leach\u00a0Andrew et Yewchuk\u00a0Drew, \u00ab\u00a0Not fit for purpose: Alberta\u2019s oil sands and the mine financial security program\u00a0\u00bb (2023) 16:36 University of Calgary School of Public Policy Research Paper; Drew Yewchuk, Shaun Fluker et Martin Olszynski, \u00ab\u00a0A made-in-Alberta failure: Unfunded oil and gas closure liability\u00a0\u00bb (2023) 16:36 University of Calgary School of Public Policy Research Paper.<\/li>\n<li><a href=\"#_ftnref48\" name=\"_ftn48\"><sup>48<\/sup><\/a> Jeef, Lewis et al., \u00ab\u00a0Hustle in the oil patch: Inside a looming financial and environmental crisis\u00a0\u00bb (derni\u00e8re modification le 22\u00a0octobre\u00a02020), en ligne\u00a0: &lt;<a href=\"http:\/\/theglobeandmail.com\/canada\/article-hustle-in-the-oil-patch-inside-a-looming-financial-and-environmental\" target=\"_blank\" rel=\"noopener\">theglobeandmail.com\/canada\/article-hustle-in-the-oil-patch-inside-a-looming-financial-and-environmental<\/a>&gt;.<\/li>\n<li><a href=\"#_ftnref49\" name=\"_ftn49\"><sup>49<\/sup><\/a> <em>Supra<\/em> note\u00a043.<\/li>\n<li><a href=\"#_ftnref50\" name=\"_ftn50\"><sup>50<\/sup><\/a> \u00c0 l\u2019\u00e9chelle f\u00e9d\u00e9rale, voir V\u00e9rificateur g\u00e9n\u00e9ral du Canada, <em>Les sites contamin\u00e9s dans le Nord<\/em> (rapport du commissaire \u00e0 l\u2019environnement et au d\u00e9veloppement durable aupr\u00e8s du Parlement du Canada, 2024), en ligne (pdf)\u00a0: &lt;<a href=\"http:\/\/oag-bvg.gc.ca\/internet\/docs\/parl_cesd_202404_01_f.pdf\" target=\"_blank\" rel=\"noopener\">oag-bvg.gc.ca\/internet\/docs\/parl_cesd_202404_01_f.pdf<\/a>&gt;.<\/li>\n<li><a href=\"#_ftnref51\" name=\"_ftn51\"><sup>51<\/sup><\/a> <em>Renvoi relatif \u00e0 la Loi sur la nondiscrimination g\u00e9n\u00e9tique<\/em>, 2020\u00a0CSC\u00a017 au para\u00a067.<\/li>\n<li><a href=\"#_ftnref52\" name=\"_ftn52\"><sup>52<\/sup><\/a> <em>Ibid<\/em> au para\u00a069.<\/li>\n<li><a href=\"#_ftnref53\" name=\"_ftn53\"><sup>53<\/sup><\/a> <em>R. c Hydro-Qu\u00e9bec<\/em>, 1997\u00a0CanLII\u00a0318 (CSC).<\/li>\n<li><a href=\"#_ftnref54\" name=\"_ftn54\"><sup>54<\/sup><\/a> <em>Syncrude Canada Ltd. c Canada (Procureur g\u00e9n\u00e9ral)<\/em>, 2016 CanLII 160 (CAF) au para\u00a062 [Syncrude].<\/li>\n<li><a href=\"#_ftnref55\" name=\"_ftn55\"><sup>55<\/sup><\/a> <em>Renvoi relatif \u00e0 la Loi sur les armes \u00e0 feu<\/em>, 2000\u00a0CanLII\u00a031 (CSC), [2000] 1\u00a0RCS\u00a0783 au para\u00a038.<\/li>\n<li><a href=\"#_ftnref56\" name=\"_ftn56\"><sup>56<\/sup><\/a> <em>Syncrude<\/em>, <em>supra<\/em> note\u00a054 au para\u00a079. Voir aussi Nathalie J. Chalifour, \u00ab\u00a0Canadian climate federalism: Parliament\u2019s ample constitutional authority to legislate GHG emissions through regulations, a national cap and trade program, or a national carbon tax\u00a0\u00bb (2016) 36 NJCL, 331 \u00e0 357; Stewart Elgie, \u201cKyoto, the Constitution, and carbon trading: Waking a sleeping <em>BNA<\/em> bear (or two)\u00a0\u00bb (2007) 13:1 Rev Const Stud \u00e0 la p 108.<\/li>\n<li><a href=\"#_ftnref57\" name=\"_ftn57\"><sup>57<\/sup><\/a> Environnement et ressources naturelles, \u00ab\u00a0L\u2019\u00e9lectricit\u00e9 propre au Canada\u00a0\u00bb (derni\u00e8re modification le 14\u00a0mars\u00a02025), en ligne\u00a0: &lt;<a href=\"http:\/\/canada.ca\/fr\/services\/environnement\/meteo\/changementsclimatiques\/plan-climatique\/electricite-propre.html\" target=\"_blank\" rel=\"noopener\">canada.ca\/fr\/services\/environnement\/meteo\/changementsclimatiques\/plan-climatique\/electricite-propre.html<\/a>&gt;.<\/li>\n<li><a href=\"#_ftnref58\" name=\"_ftn58\"><sup>58<\/sup><\/a> Pour une description de ce projet de r\u00e8glement, voir Environnement et ressources naturelles, \u00ab\u00a0Plafond sur la pollution par les gaz \u00e0 effet de serre du secteur p\u00e9trolier et gazier\u00a0\u00bb (derni\u00e8re modification\u00a0le 14\u00a0mars\u00a02025), en ligne\u00a0: &lt;<a href=\"http:\/\/canada.ca\/fr\/services\/environnement\/meteo\/changementsclimatiques\/plan-climatique\/plafonnement-emissions-secteur-petrolier-gazier.html\" target=\"_blank\" rel=\"noopener\">canada.ca\/fr\/services\/environnement\/meteo\/changementsclimatiques\/plan-climatique\/plafonnement-emissions-secteur-petrolier-gazier.html<\/a>&gt;.<\/li>\n<li><a href=\"#_ftnref59\" name=\"_ftn59\"><sup>59<\/sup><\/a> <em>Syncrude<\/em>, <em>supra<\/em> note\u00a054 aux paras\u00a0506\u201307.<\/li>\n<li><a href=\"#_ftnref60\" name=\"_ftn60\"><sup>60<\/sup><\/a> <em>Consolidated Fastfrate Inc. c Western Canada Council of Teamsters<\/em> [2009] 3 RCS 407 aux paras\u00a036\u201337.<\/li>\n<li><a href=\"#_ftnref61\" name=\"_ftn61\"><sup>61<\/sup><\/a> <em>Renvoi relatif \u00e0 la LEI<\/em>, <em>supra<\/em> note\u00a09 au para\u00a0176. Voir aussi Martin\u00a0Olszynski, \u00ab\u00a0Testing the jurisdictional waters: The provincial regulation of interprovincial pipelines\u00a0\u00bb (2018) 23:1 Rev Const Stud \u00e0 la p\u00a091.<\/li>\n<li><a href=\"#_ftnref62\" name=\"_ftn62\"><sup>62<\/sup><\/a>\u00a0<em>R. c Crown Zellerbach Canada Ltd<\/em>, [1988] 1 RCS\u00a0401 aux paras\u00a0431\u201332.<\/li>\n<li><a href=\"#_ftnref63\" name=\"_ftn63\"><sup>63<\/sup><\/a> <em>Renvoi relatif \u00e0 la LTPCGES<\/em>, <em>supra<\/em> note\u00a010.<\/li>\n<li><a href=\"#_ftnref64\" name=\"_ftn64\"><sup>64<\/sup><\/a> <em>Ibid<\/em> au para\u00a080.<\/li>\n<li><a href=\"#_ftnref65\" name=\"_ftn65\"><sup>65<\/sup><\/a> <em>R. c Crown Zellerbach\u00a0Canada Ltd.<\/em>, <em>supra<\/em> note\u00a061.<\/li>\n<li><a href=\"#_ftnref66\" name=\"_ftn66\"><sup>66<\/sup><\/a> <em>Interprovincial Co-operatives Ltd. et al. c La Reine<\/em>, [1976] 1\u00a0RCS\u00a0477.<\/li>\n<li><a href=\"#_ftnref67\" name=\"_ftn67\"><sup>67<\/sup><\/a> <em>Renvoi relatif \u00e0 la LEI<\/em>, <em>supra<\/em> note\u00a09 aux paras\u00a0182\u201389.<\/li>\n<\/ul>\n<\/div>\n<p><\/p>","protected":false},"excerpt":{"rendered":"<p>INTRODUCTION En ce moment au Canada, il y a un grand d\u00e9bat public et une grande incertitude quant au caract\u00e8re avis\u00e9 et \u00e0 la validit\u00e9 des lois et r\u00e8glements f\u00e9d\u00e9raux qui touchent l\u2019exploitation p\u00e9troli\u00e8re et gazi\u00e8re. Le pr\u00e9sent article, qui [&hellip;]<\/p>\n","protected":false},"author":16,"featured_media":0,"comment_status":"open","ping_status":"open","sticky":false,"template":"","format":"standard","meta":{"_acf_changed":false,"jetpack_post_was_ever_published":false,"_jetpack_newsletter_access":"","_jetpack_dont_email_post_to_subs":false,"_jetpack_newsletter_tier_id":0,"_jetpack_memberships_contains_paywalled_content":false,"_jetpack_memberships_contains_paid_content":false,"footnotes":""},"categories":[10],"tags":[],"coauthors":[176],"class_list":["post-5752","post","type-post","status-publish","format-standard","hentry","category-articles","volume-volume-13-issue-2-2025"],"acf":[],"yoast_head":"<!-- This site is optimized with the Yoast SEO plugin v27.4 - https:\/\/yoast.com\/product\/yoast-seo-wordpress\/ -->\n<title>Pouvoirs l\u00e9gislatifs du gouvernement f\u00e9d\u00e9ral en ce qui concerne l\u2019exploitation de p\u00e9trole et de gaz naturel au Canada\u00a0: survol - Publication trimestrielle sur la r\u00e8glementation de l\u2019\u00e9nergie<\/title>\n<meta name=\"robots\" content=\"index, follow, max-snippet:-1, max-image-preview:large, max-video-preview:-1\" \/>\n<link rel=\"canonical\" href=\"https:\/\/energyregulationquarterly.ca\/articles\/federal-legislative-authority-in-relation-to-oil-and-gas-development-in-canada-an-overview\" \/>\n<meta property=\"og:locale\" content=\"fr_FR\" \/>\n<meta property=\"og:type\" content=\"article\" \/>\n<meta property=\"og:title\" content=\"[:en]Federal legislative authority in relation to oil and gas development in Canada: An overview[:fr]Pouvoirs l\u00e9gislatifs du gouvernement f\u00e9d\u00e9ral en ce qui concerne l\u2019exploitation de p\u00e9trole et de gaz naturel au Canada\u00a0: survol[:] - Publication trimestrielle sur la r\u00e8glementation de l\u2019\u00e9nergie\" \/>\n<meta property=\"og:description\" content=\"INTRODUCTION En ce moment au Canada, il y a un grand d\u00e9bat public et une grande incertitude quant au caract\u00e8re avis\u00e9 et \u00e0 la validit\u00e9 des lois et r\u00e8glements f\u00e9d\u00e9raux qui touchent l\u2019exploitation p\u00e9troli\u00e8re et gazi\u00e8re. Le pr\u00e9sent article, qui [&hellip;]\" \/>\n<meta property=\"og:url\" content=\"https:\/\/energyregulationquarterly.ca\/articles\/federal-legislative-authority-in-relation-to-oil-and-gas-development-in-canada-an-overview\" \/>\n<meta property=\"og:site_name\" content=\"Publication trimestrielle sur la r\u00e8glementation de l\u2019\u00e9nergie\" \/>\n<meta property=\"article:published_time\" content=\"2025-07-14T18:26:12+00:00\" \/>\n<meta name=\"author\" content=\"Martin Z. Olszynski\" \/>\n<meta name=\"twitter:card\" content=\"summary_large_image\" \/>\n<meta name=\"twitter:label1\" content=\"\u00c9crit par\" \/>\n\t<meta name=\"twitter:data1\" content=\"jwheeler\" \/>\n\t<meta name=\"twitter:label2\" content=\"Dur\u00e9e de lecture estim\u00e9e\" \/>\n\t<meta name=\"twitter:data2\" content=\"32 minutes\" \/>\n\t<meta name=\"twitter:label3\" content=\"Written by\" \/>\n\t<meta name=\"twitter:data3\" content=\"Martin Z. Olszynski\" \/>\n<script type=\"application\/ld+json\" class=\"yoast-schema-graph\">{\"@context\":\"https:\\\/\\\/schema.org\",\"@graph\":[{\"@type\":\"Article\",\"@id\":\"https:\\\/\\\/energyregulationquarterly.ca\\\/articles\\\/federal-legislative-authority-in-relation-to-oil-and-gas-development-in-canada-an-overview#article\",\"isPartOf\":{\"@id\":\"https:\\\/\\\/energyregulationquarterly.ca\\\/articles\\\/federal-legislative-authority-in-relation-to-oil-and-gas-development-in-canada-an-overview\"},\"author\":{\"name\":\"jwheeler\",\"@id\":\"https:\\\/\\\/energyregulationquarterly.ca\\\/#\\\/schema\\\/person\\\/889e2d58232e505fad43094f212b4ed4\"},\"headline\":\"Pouvoirs l\u00e9gislatifs du gouvernement f\u00e9d\u00e9ral en ce qui concerne l\u2019exploitation de p\u00e9trole et de gaz naturel au Canada\u00a0: survol\",\"datePublished\":\"2025-07-14T18:26:12+00:00\",\"mainEntityOfPage\":{\"@id\":\"https:\\\/\\\/energyregulationquarterly.ca\\\/articles\\\/federal-legislative-authority-in-relation-to-oil-and-gas-development-in-canada-an-overview\"},\"wordCount\":14088,\"commentCount\":0,\"articleSection\":[\"Articles\"],\"inLanguage\":\"fr-FR\",\"potentialAction\":[{\"@type\":\"CommentAction\",\"name\":\"Comment\",\"target\":[\"https:\\\/\\\/energyregulationquarterly.ca\\\/articles\\\/federal-legislative-authority-in-relation-to-oil-and-gas-development-in-canada-an-overview#respond\"]}]},{\"@type\":\"WebPage\",\"@id\":\"https:\\\/\\\/energyregulationquarterly.ca\\\/articles\\\/federal-legislative-authority-in-relation-to-oil-and-gas-development-in-canada-an-overview\",\"url\":\"https:\\\/\\\/energyregulationquarterly.ca\\\/articles\\\/federal-legislative-authority-in-relation-to-oil-and-gas-development-in-canada-an-overview\",\"name\":\"[:en]Federal legislative authority in relation to oil and gas development in Canada: An overview[:fr]Pouvoirs l\u00e9gislatifs du gouvernement f\u00e9d\u00e9ral en ce qui concerne l\u2019exploitation de p\u00e9trole et de gaz naturel au Canada\u00a0: survol[:] - Publication trimestrielle sur la r\u00e8glementation de l\u2019\u00e9nergie\",\"isPartOf\":{\"@id\":\"https:\\\/\\\/energyregulationquarterly.ca\\\/#website\"},\"datePublished\":\"2025-07-14T18:26:12+00:00\",\"author\":{\"@id\":\"https:\\\/\\\/energyregulationquarterly.ca\\\/#\\\/schema\\\/person\\\/889e2d58232e505fad43094f212b4ed4\"},\"breadcrumb\":{\"@id\":\"https:\\\/\\\/energyregulationquarterly.ca\\\/articles\\\/federal-legislative-authority-in-relation-to-oil-and-gas-development-in-canada-an-overview#breadcrumb\"},\"inLanguage\":\"fr-FR\",\"potentialAction\":[{\"@type\":\"ReadAction\",\"target\":[\"https:\\\/\\\/energyregulationquarterly.ca\\\/articles\\\/federal-legislative-authority-in-relation-to-oil-and-gas-development-in-canada-an-overview\"]}]},{\"@type\":\"BreadcrumbList\",\"@id\":\"https:\\\/\\\/energyregulationquarterly.ca\\\/articles\\\/federal-legislative-authority-in-relation-to-oil-and-gas-development-in-canada-an-overview#breadcrumb\",\"itemListElement\":[{\"@type\":\"ListItem\",\"position\":1,\"name\":\"Home\",\"item\":\"https:\\\/\\\/energyregulationquarterly.ca\\\/\"},{\"@type\":\"ListItem\",\"position\":2,\"name\":\"Federal legislative authority in relation to oil and gas development in Canada: An overview\"}]},{\"@type\":\"WebSite\",\"@id\":\"https:\\\/\\\/energyregulationquarterly.ca\\\/#website\",\"url\":\"https:\\\/\\\/energyregulationquarterly.ca\\\/\",\"name\":\"Publication trimestrielle sur la r\u00e8glementation de l\u2019\u00e9nergie\",\"description\":\"Un forum pour discuter et d\u00e9battre des questions touchant les industries r\u00e8glement\u00e9es du secteur de l\u2019\u00e9nergie.\",\"potentialAction\":[{\"@type\":\"SearchAction\",\"target\":{\"@type\":\"EntryPoint\",\"urlTemplate\":\"https:\\\/\\\/energyregulationquarterly.ca\\\/?s={search_term_string}\"},\"query-input\":{\"@type\":\"PropertyValueSpecification\",\"valueRequired\":true,\"valueName\":\"search_term_string\"}}],\"inLanguage\":\"fr-FR\"},{\"@type\":\"Person\",\"@id\":\"https:\\\/\\\/energyregulationquarterly.ca\\\/#\\\/schema\\\/person\\\/889e2d58232e505fad43094f212b4ed4\",\"name\":\"jwheeler\",\"url\":\"https:\\\/\\\/energyregulationquarterly.ca\\\/fr\\\/author\\\/jwheeler\"}]}<\/script>\n<!-- \/ Yoast SEO plugin. -->","yoast_head_json":{"title":"[:en]Federal legislative authority in relation to oil and gas development in Canada: An overview[:fr]Pouvoirs l\u00e9gislatifs du gouvernement f\u00e9d\u00e9ral en ce qui concerne l\u2019exploitation de p\u00e9trole et de gaz naturel au Canada\u00a0: survol[:] - Publication trimestrielle sur la r\u00e8glementation de l\u2019\u00e9nergie","robots":{"index":"index","follow":"follow","max-snippet":"max-snippet:-1","max-image-preview":"max-image-preview:large","max-video-preview":"max-video-preview:-1"},"canonical":"https:\/\/energyregulationquarterly.ca\/articles\/federal-legislative-authority-in-relation-to-oil-and-gas-development-in-canada-an-overview","og_locale":"fr_FR","og_type":"article","og_title":"[:en]Federal legislative authority in relation to oil and gas development in Canada: An overview[:fr]Pouvoirs l\u00e9gislatifs du gouvernement f\u00e9d\u00e9ral en ce qui concerne l\u2019exploitation de p\u00e9trole et de gaz naturel au Canada\u00a0: survol[:] - Publication trimestrielle sur la r\u00e8glementation de l\u2019\u00e9nergie","og_description":"INTRODUCTION En ce moment au Canada, il y a un grand d\u00e9bat public et une grande incertitude quant au caract\u00e8re avis\u00e9 et \u00e0 la validit\u00e9 des lois et r\u00e8glements f\u00e9d\u00e9raux qui touchent l\u2019exploitation p\u00e9troli\u00e8re et gazi\u00e8re. Le pr\u00e9sent article, qui [&hellip;]","og_url":"https:\/\/energyregulationquarterly.ca\/articles\/federal-legislative-authority-in-relation-to-oil-and-gas-development-in-canada-an-overview","og_site_name":"Publication trimestrielle sur la r\u00e8glementation de l\u2019\u00e9nergie","article_published_time":"2025-07-14T18:26:12+00:00","author":"Martin Z. Olszynski","twitter_card":"summary_large_image","twitter_misc":{"\u00c9crit par":"jwheeler","Dur\u00e9e de lecture estim\u00e9e":"32 minutes","Written by":"Martin Z. Olszynski"},"schema":{"@context":"https:\/\/schema.org","@graph":[{"@type":"Article","@id":"https:\/\/energyregulationquarterly.ca\/articles\/federal-legislative-authority-in-relation-to-oil-and-gas-development-in-canada-an-overview#article","isPartOf":{"@id":"https:\/\/energyregulationquarterly.ca\/articles\/federal-legislative-authority-in-relation-to-oil-and-gas-development-in-canada-an-overview"},"author":{"name":"jwheeler","@id":"https:\/\/energyregulationquarterly.ca\/#\/schema\/person\/889e2d58232e505fad43094f212b4ed4"},"headline":"Pouvoirs l\u00e9gislatifs du gouvernement f\u00e9d\u00e9ral en ce qui concerne l\u2019exploitation de p\u00e9trole et de gaz naturel au Canada\u00a0: survol","datePublished":"2025-07-14T18:26:12+00:00","mainEntityOfPage":{"@id":"https:\/\/energyregulationquarterly.ca\/articles\/federal-legislative-authority-in-relation-to-oil-and-gas-development-in-canada-an-overview"},"wordCount":14088,"commentCount":0,"articleSection":["Articles"],"inLanguage":"fr-FR","potentialAction":[{"@type":"CommentAction","name":"Comment","target":["https:\/\/energyregulationquarterly.ca\/articles\/federal-legislative-authority-in-relation-to-oil-and-gas-development-in-canada-an-overview#respond"]}]},{"@type":"WebPage","@id":"https:\/\/energyregulationquarterly.ca\/articles\/federal-legislative-authority-in-relation-to-oil-and-gas-development-in-canada-an-overview","url":"https:\/\/energyregulationquarterly.ca\/articles\/federal-legislative-authority-in-relation-to-oil-and-gas-development-in-canada-an-overview","name":"[:en]Federal legislative authority in relation to oil and gas development in Canada: An overview[:fr]Pouvoirs l\u00e9gislatifs du gouvernement f\u00e9d\u00e9ral en ce qui concerne l\u2019exploitation de p\u00e9trole et de gaz naturel au Canada\u00a0: survol[:] - Publication trimestrielle sur la r\u00e8glementation de l\u2019\u00e9nergie","isPartOf":{"@id":"https:\/\/energyregulationquarterly.ca\/#website"},"datePublished":"2025-07-14T18:26:12+00:00","author":{"@id":"https:\/\/energyregulationquarterly.ca\/#\/schema\/person\/889e2d58232e505fad43094f212b4ed4"},"breadcrumb":{"@id":"https:\/\/energyregulationquarterly.ca\/articles\/federal-legislative-authority-in-relation-to-oil-and-gas-development-in-canada-an-overview#breadcrumb"},"inLanguage":"fr-FR","potentialAction":[{"@type":"ReadAction","target":["https:\/\/energyregulationquarterly.ca\/articles\/federal-legislative-authority-in-relation-to-oil-and-gas-development-in-canada-an-overview"]}]},{"@type":"BreadcrumbList","@id":"https:\/\/energyregulationquarterly.ca\/articles\/federal-legislative-authority-in-relation-to-oil-and-gas-development-in-canada-an-overview#breadcrumb","itemListElement":[{"@type":"ListItem","position":1,"name":"Home","item":"https:\/\/energyregulationquarterly.ca\/"},{"@type":"ListItem","position":2,"name":"Federal legislative authority in relation to oil and gas development in Canada: An overview"}]},{"@type":"WebSite","@id":"https:\/\/energyregulationquarterly.ca\/#website","url":"https:\/\/energyregulationquarterly.ca\/","name":"Publication trimestrielle sur la r\u00e8glementation de l\u2019\u00e9nergie","description":"Un forum pour discuter et d\u00e9battre des questions touchant les industries r\u00e8glement\u00e9es du secteur de l\u2019\u00e9nergie.","potentialAction":[{"@type":"SearchAction","target":{"@type":"EntryPoint","urlTemplate":"https:\/\/energyregulationquarterly.ca\/?s={search_term_string}"},"query-input":{"@type":"PropertyValueSpecification","valueRequired":true,"valueName":"search_term_string"}}],"inLanguage":"fr-FR"},{"@type":"Person","@id":"https:\/\/energyregulationquarterly.ca\/#\/schema\/person\/889e2d58232e505fad43094f212b4ed4","name":"jwheeler","url":"https:\/\/energyregulationquarterly.ca\/fr\/author\/jwheeler"}]}},"jetpack_featured_media_url":"","jetpack_sharing_enabled":true,"jetpack_shortlink":"https:\/\/wp.me\/p4ekrL-1uM","_links":{"self":[{"href":"https:\/\/energyregulationquarterly.ca\/fr\/wp-json\/wp\/v2\/posts\/5752","targetHints":{"allow":["GET"]}}],"collection":[{"href":"https:\/\/energyregulationquarterly.ca\/fr\/wp-json\/wp\/v2\/posts"}],"about":[{"href":"https:\/\/energyregulationquarterly.ca\/fr\/wp-json\/wp\/v2\/types\/post"}],"author":[{"embeddable":true,"href":"https:\/\/energyregulationquarterly.ca\/fr\/wp-json\/wp\/v2\/users\/16"}],"replies":[{"embeddable":true,"href":"https:\/\/energyregulationquarterly.ca\/fr\/wp-json\/wp\/v2\/comments?post=5752"}],"version-history":[{"count":19,"href":"https:\/\/energyregulationquarterly.ca\/fr\/wp-json\/wp\/v2\/posts\/5752\/revisions"}],"predecessor-version":[{"id":5913,"href":"https:\/\/energyregulationquarterly.ca\/fr\/wp-json\/wp\/v2\/posts\/5752\/revisions\/5913"}],"wp:attachment":[{"href":"https:\/\/energyregulationquarterly.ca\/fr\/wp-json\/wp\/v2\/media?parent=5752"}],"wp:term":[{"taxonomy":"category","embeddable":true,"href":"https:\/\/energyregulationquarterly.ca\/fr\/wp-json\/wp\/v2\/categories?post=5752"},{"taxonomy":"post_tag","embeddable":true,"href":"https:\/\/energyregulationquarterly.ca\/fr\/wp-json\/wp\/v2\/tags?post=5752"},{"taxonomy":"author","embeddable":true,"href":"https:\/\/energyregulationquarterly.ca\/fr\/wp-json\/wp\/v2\/coauthors?post=5752"}],"curies":[{"name":"wp","href":"https:\/\/api.w.org\/{rel}","templated":true}]}}