{"id":3957,"date":"2022-07-20T17:18:55","date_gmt":"2022-07-20T17:18:55","guid":{"rendered":"https:\/\/energyregulationquarterly.ca\/?p=3957"},"modified":"2022-07-22T14:44:43","modified_gmt":"2022-07-22T14:44:43","slug":"a-roadmap-for-trade-law-compliant-border-carbon-adjustments1","status":"publish","type":"post","link":"https:\/\/energyregulationquarterly.ca\/fr\/articles\/a-roadmap-for-trade-law-compliant-border-carbon-adjustments1","title":{"rendered":"Une feuille de route pour des ajustements \u00e0 la fronti\u00e8re des tarifs du carbone en conformit\u00e9 avec les principes du droit commercial<sup>[1]<\/sup>"},"content":{"rendered":"<p>L\u2019int\u00e9r\u00eat pour les ajustements \u00e0 la fronti\u00e8re des tarifs du carbone (AFTC) s\u2019acc\u00e9l\u00e8re. L\u2019Union europ\u00e9enne a propos\u00e9 un m\u00e9canisme d\u2019ajustement \u00e0 la fronti\u00e8re des tarifs du carbone (MAFTC) en juillet dernier<sup>[2]<\/sup>. Le Canada a achev\u00e9 des consultations sur les AFTC en f\u00e9vrier dernier<sup>[3]<\/sup> et la r\u00e9cente annonce conjointe \u00c9tats-Unis\u2013Union europ\u00e9enne sur un secteur de l\u2019acier durable indique que le crit\u00e8re de la teneur en carbone pourrait \u00eatre int\u00e9gr\u00e9 \u00e0 des mesures commerciales<sup>[4]<\/sup>. Les AFTC devraient faire l\u2019objet de discussions \u00e0 la conf\u00e9rence minist\u00e9rielle de l\u2019Organisation mondiale du commerce qui d\u00e9butera dimanche<sup>[5]<\/sup>. Les commentaires positifs dans la D\u00e9claration minist\u00e9rielle constitueraient un important pas en avant pour la protection du climat mondial.<\/p>\n<p>Les AFTC sont des taxes ou des droits impos\u00e9s sur des biens provenant de pays qui ont des exigences moins contraignantes en mati\u00e8re d\u2019\u00e9missions.<\/p>\n<p>Ils sont complexes et doivent respecter l\u2019Accord g\u00e9n\u00e9ral sur les tarifs douaniers et le commerce, sinon ils risquent d\u2019\u00eatre contest\u00e9s devant l\u2019OMC. Un AFTC conforme aux principes du droit commercial doit assurer un traitement national (les importations ne sont pas trait\u00e9es de fa\u00e7on moins favorable que les marchandises int\u00e9rieures) et un traitement de la nation la plus favoris\u00e9e (NPF) (traitement \u00e9gal des importations de tous les pays de l\u2019OMC), ou satisfaire aux crit\u00e8res d\u2019exception \u00e0 ces exigences du GATT.<\/p>\n<p>Voici quelques voies d\u2019acc\u00e8s \u00e0 un AFTC conforme.<\/p>\n<p><strong>1. La r\u00e9glementation nationale sur le carbone est le point de d\u00e9part<\/strong><\/p>\n<p>Les pays qui r\u00e9glementent les \u00e9missions de carbone risquent de positionner leurs producteurs dans une situation d\u00e9savantageuse. Une taxe ou un droit peut faire en sorte que les produits import\u00e9s portent un co\u00fbt du carbone comparable aux co\u00fbts assum\u00e9s par les producteurs nationaux, de mani\u00e8re \u00e0 cr\u00e9er des r\u00e8gles du jeu \u00e9quitables. Tout pays qui met en \u0153uvre un AFTC doit disposer d\u2019un cadre r\u00e9glementaire national pour ajuster le prix des produits \u00e0 grande intensit\u00e9 carbonique lorsqu\u2019ils traversent la fronti\u00e8re. Il est plus facile de mettre en \u0153uvre des AFTC lorsque le co\u00fbt pour le carbone est clairement \u00e9tabli \u00e0 l\u2019\u00e9chelle nationale (p. ex. un prix par tonne d\u2019\u00e9missions de CO<sub>2<\/sub>).<\/p>\n<p>Par exemple, le syst\u00e8me d\u2019\u00e9change de droits d\u2019\u00e9mission de l\u2019UE \u00e9tablit un prix des \u00e9missions de CO<sub>2<\/sub> d\u00e9termin\u00e9 par le march\u00e9<sup>[6]<\/sup>. Son MAFTC impose des frais d\u2019importation fond\u00e9s sur les prix du contenu carbone des \u00e9missions et du syst\u00e8me d\u2019\u00e9change de cr\u00e9dits.<\/p>\n<p><strong>2. Cadre de r\u00e9glementation<\/strong><\/p>\n<p>Un AFTC doit respecter le principe du traitement national et d\u2019autres exigences du GATT applicables aux taxes ou aux redevances r\u00e9glementaires<sup>[7]<\/sup>. Les deux principaux d\u00e9fis sont le traitement des co\u00fbts du carbone du pays d\u2019origine des exportateurs et les indemnit\u00e9s de franchise accord\u00e9es aux producteurs nationaux.<\/p>\n<p>Les AFTC devront probablement tenir compte des r\u00e9gimes climatiques \u00e9trangers en r\u00e9duisant les frais impos\u00e9s sur les importations en fonction des paiements du carbone effectu\u00e9s dans le pays d\u2019exportation, comme le fait le MAFTC<sup>[8]<\/sup>. Autrement, les exportateurs paieraient pour les \u00e9missions de carbone li\u00e9es \u00e0 la production de leurs produits et paieraient de nouveau pour les m\u00eames \u00e9missions en raison d\u2019un AFTC.<\/p>\n<p>De nombreux r\u00e9gimes climatiques attribuent des droits d\u2019\u00e9mission gratuits pour r\u00e9duire les \u00ab\u00a0fuites de carbone\u00a0\u00bb (migration de la production vers des administrations \u00e0 faibles \u00e9missions)<sup>[9]<\/sup>. Lorsque cela se produit, l\u2019application du prix du carbone complet aux produits import\u00e9s soul\u00e8verait des probl\u00e8mes li\u00e9s au traitement national, un enjeu que l\u2019UE tente de r\u00e9gler en \u00e9liminant progressivement les attributions de droits d\u2019\u00e9mission gratuits<sup>[10]<\/sup>.<\/p>\n<p><strong>3. Traitement de la nation la plus favoris\u00e9e<\/strong><\/p>\n<p>Le GATT exige qu\u2019un pays qui impose des taxes ou des redevances r\u00e9glementaires sur les importations traite les produits de tous les pays exportateurs aussi favorablement que les produits de sa nation la plus favoris\u00e9e<sup>[11]<\/sup>.<\/p>\n<p>Cette obligation pose un probl\u00e8me pour les produits provenant de pays ayant des politiques climatiques diff\u00e9rentes.<\/p>\n<p>Si un AFTC est \u00e9tabli sans tenir compte des redevances sur le carbone du pays d\u2019origine des exportateurs, il n\u2019y aura pas de discrimination formelle dans la redevance elle-m\u00eame; cependant, il y aura une discrimination substantielle contre les pays qui imposent d\u00e9j\u00e0 des co\u00fbts r\u00e9glementaires pour le carbone \u00e0 leurs exportateurs. \u00c0 l\u2019inverse, si un AFTC tient compte des co\u00fbts du carbone dans le pays d\u2019origine des exportateurs, cela \u00e9vitera la discrimination entre les membres de l\u2019OMC \u00e0 l\u2019\u00e9gard des redevances totales sur les \u00e9missions de CO<sub>2<\/sub>, mais fera en sorte que les exportateurs de pays imposant de faibles co\u00fbts du carbone paieront des montants au titre de l\u2019AFTC plus \u00e9lev\u00e9s que ceux de pays imposant co\u00fbts du carbone \u00e9lev\u00e9s.<\/p>\n<p>Bien que les montants au titre de l\u2019AFTC, qui varient en fonction de la teneur inh\u00e9rente en carbone des importations de diff\u00e9rents pays, puissent \u00eatre contest\u00e9s sur la base de la jurisprudence, nous estimons n\u00e9anmoins qu\u2019ils devraient \u00eatre d\u00e9fendables dans le cadre d\u2019une application t\u00e9l\u00e9ologique de l\u2019obligation de la nation la plus favoris\u00e9e parce que la combinaison des frais impos\u00e9s dans le pays d\u2019origine et de l\u2019AFTC serait la m\u00eame pour tous les pays exportateurs.<\/p>\n<p><strong>4. Exceptions \u00e0 l\u2019article XX<\/strong><\/p>\n<p>Les AFTC qui ne respectent pas le principe du traitement national ou les exigences relatives au traitement NPF peuvent \u00eatre d\u00e9fendus au moyen des exceptions g\u00e9n\u00e9rales pr\u00e9vues \u00e0 l\u2019article\u00a0XX\u00a0: du GATT<sup>[12]<\/sup> les mesures \u00ab\u00a0n\u00e9cessaires \u00e0 la protection de la sant\u00e9 et de la vie des personnes et des animaux ou \u00e0 la pr\u00e9servation des v\u00e9g\u00e9taux\u00a0\u00bb ou \u00ab\u00a0se rapportant \u00e0 la conservation des ressources naturelles \u00e9puisables\u00a0\u00bb.<\/p>\n<p>La mise en \u0153uvre de la mesure ne doit pas restreindre injustement le commerce international. Toute discrimination doit \u00e9galement \u00eatre rationnellement li\u00e9e \u00e0 l\u2019objectif de la politique<sup>[13]<\/sup>. Par exemple, si les rajustements de la tarification du carbone dans le pays d\u2019origine contrevenaient \u00e0 l\u2019obligation de la nation la plus favoris\u00e9e, ils seraient de bons candidats \u00e0 une exception, car la prise en compte des co\u00fbts du carbone dans le pays d\u2019origine serait conforme \u00e0 l\u2019objectif de r\u00e9duction des \u00e9missions de carbone \u00e0 l\u2019\u00e9chelle mondiale.<\/p>\n<p><strong>5. Observations finales<\/strong><\/p>\n<p>Les pays ax\u00e9s sur les exportations qui ont un faible engagement \u00e0 l\u2019\u00e9gard de la r\u00e9duction des gaz \u00e0 effet de serre pourraient bien contester les AFTC \u00e0 l\u2019OMC. Malgr\u00e9 l\u2019engorgement de l\u2019Organe d\u2019appel, les groupes sp\u00e9ciaux peuvent entendre de tels diff\u00e9rends, et les pays participants peuvent se pr\u00e9valoir de l\u2019arrangement d\u2019arbitrage d\u2019appel provisoire multipartite<sup>[14]<\/sup>.<\/p>\n<p>\u00c0 notre avis, les AFTC conformes aux r\u00e8gles de l\u2019OMC sont r\u00e9alisables sans recours aux exceptions pr\u00e9vues \u00e0 l\u2019article\u00a0XX ou, au besoin, en y recourant. Plus le nombre de pays appliquant des AFTC accro\u00eetra, plus les pays restants ressentiront la pression de s\u2019attaquer aux \u00e9missions \u00e0 mesure que diminuera le nombre de march\u00e9s dans lesquels ils b\u00e9n\u00e9ficient de r\u00e8gles du jeu in\u00e9gales.<\/p>\n<p>&nbsp;<\/p>\n<ol class=\"footnote\">\n<li>Une version ant\u00e9rieure de cet article a \u00e9t\u00e9 publi\u00e9e dans les Intelligence Memos de l\u2019Institut C.D. Howe, voir <a href=\"https:\/\/www.cdhowe.org\/intelligence-memos\/campbell-pellerin-farrell-roadmap-trade-law-compliant-border-carbon-adjustments\" target=\"_blank\" rel=\"noopener\"><span style=\"text-decoration: underline;\">https:\/\/www.cdhowe.org\/intelligence-memos\/campbell-pellerin-farrell-roadmap-trade-law-compliant-border-carbon-adjustments<\/span><\/a>. Pour faire part de commentaires ou de r\u00e9troaction, communiquez avec nous par courriel \u00e0 <a href=\"mailto:blog@cdhowe.org\" target=\"_blank\" rel=\"noopener\"><span style=\"text-decoration: underline;\">blog@cdhowe.org<\/span><\/a>.<\/li>\n<\/ol>\n<p class=\"footnote\">* Neil Campbell est associ\u00e9 dans les groupes de la concurrence et du commerce international chez McMillan LLP \u00e0 Toronto. William Pellerin est associ\u00e9 au cabinet et \u0153uvre sein du groupe du commerce international \u00e0 Ottawa, o\u00f9 Tayler Farrell est avocate.<\/p>\n<p class=\"footnote\">Les opinions exprim\u00e9es ici sont celles des auteurs. L\u2019Institut C.D. Howe ne prend pas position sur les questions de politique.<\/p>\n<ol class=\"footnote\" start=\"2\">\n<li>Neil Campbell, Talia Gordner et Lisa Page, \u00ab\u00a0Pour des r\u00e8gles \u00e9quitables\u00a0: l\u2019UE montre l\u2019exemple en proposant un m\u00e9canisme d\u2019ajustement carbone aux fronti\u00e8res\u00a0\u00bb (11\u00a0ao\u00fbt\u00a02021), en ligne\u00a0: <em>McMillan<\/em> &lt;<a href=\"http:\/\/mcmillan.ca\/fr\/perspectives\/pour-des-regles-equitables-lue-montre-lexemple-en-proposant-un-mecanisme-dajustement-carbone-aux-frontieres\/\" target=\"_blank\" rel=\"noopener\">mcmillan.ca\/fr\/perspectives\/pour-des-regles-equitables-lue-montre-lexemple-en-proposant-un-mecanisme-dajustement-carbone-aux-frontieres\/<\/a>&gt;.<\/li>\n<li>Neil Campbell, Talia Gordner et Lisa Page, \u00ab\u00a0Des fronti\u00e8res plus vertes \u2013 le Canada \u00e9tudie les ajustements \u00e0 la fronti\u00e8re pour le carbone\u00a0\u00bb (6\u00a0juillet\u00a02021), en ligne\u00a0: <em>McMillan<\/em> &lt;<a href=\"http:\/\/mcmillan.ca\/fr\/perspectives\/des-frontieres-plus-vertes-le-canada-etudie-les-ajustements-a-la-frontiere-pour-le-carbone\/\" target=\"_blank\" rel=\"noopener\">mcmillan.ca\/fr\/perspectives\/des-frontieres-plus-vertes-le-canada-etudie-les-ajustements-a-la-frontiere-pour-le-carbone\/<\/a>&gt;.<\/li>\n<li>Office of the United States Trade Representative \u00ab\u00a0Joint US-EU Statement on Trade in Steel and Aluminum\u00a0\u00bb (31\u00a0octobre\u00a02021), en ligne\u00a0: <em>USTR<\/em> &lt;<a href=\"http:\/\/ustr.gov\/about-us\/policy-offices\/press-office\/press-releases\/2021\/october\/joint-us-eu-statement-trade-steel-and-aluminum\" target=\"_blank\" rel=\"noopener\">ustr.gov\/about-us\/policy-offices\/press-office\/press-releases\/2021\/october\/joint-us-eu-statement-trade-steel-and-aluminum<\/a>&gt;.<\/li>\n<li>Organisation mondiale du commerce, Comit\u00e9 du commerce et de l\u2019environnement, \u00ab\u00a0Report of the Meeting Held on 23 June 2021\u00a0\u00bb (3\u00a0ao\u00fbt\u00a02021), en ligne (pdf)\u00a0: <em>WTO<\/em> &lt;<a href=\"http:\/\/docs.wto.org\/dol2fe\/Pages\/SS\/directdoc.aspx? filename=q:\/WT\/CTE\/M72.pdf&amp;Open=True\" target=\"_blank\" rel=\"noopener\">docs.wto.org\/dol2fe\/Pages\/SS\/directdoc.aspx? filename=q:\/WT\/CTE\/M72.pdf&amp;Open=True<\/a>&gt;.<\/li>\n<li>Parlement europ\u00e9en, \u00ab\u00a0Review of the EU ETS \u2018Fit for 55\u2019 package\u00a0\u00bb (2022), en ligne (pdf)\u00a0: &lt;<a href=\"http:\/\/www.europarl.europa.eu\/RegData\/etudes\/BRIE\/2022\/698890\/EPRS_BRI(2022)698890_EN.pdf\" target=\"_blank\" rel=\"noopener\">www.europarl.europa.eu\/RegData\/etudes\/BRIE\/2022\/698890\/EPRS_BRI(2022)698890_EN.pdf<\/a>&gt;.<\/li>\n<li>Organisation mondiale du commerce, \u00ab\u00a0Part II \u2013 Article\u00a0III \u2013 National Treatment on Internal Taxation and Regulation\u00a0\u00bb, en ligne (pdf)\u00a0: <em>WTO<\/em> &lt;<a href=\"http:\/\/www.wto.org\/english\/res_e\/booksp_e\/gatt_ai_e\/art3_e.pdf\" target=\"_blank\" rel=\"noopener\">www.wto.org\/english\/res_e\/booksp_e\/gatt_ai_e\/art3_e.pdf<\/a>&gt;. .<\/li>\n<li>Jean-Marie Paugam, \u00ab\u00a0DGA Paugam\u00a0: Les r\u00e8gles de l\u2019OMC n\u2019emp\u00eachent pas des politiques environnementales ambitieuses\u00a0\u00bb (16\u00a0septembre\u00a02021) en ligne\u00a0: <em>WTO<\/em> &lt;<a href=\"http:\/\/www.wto.org\/french\/news_f\/news21_f\/ddgjp_16sep21_f.htm\" target=\"_blank\" rel=\"noopener\">www.wto.org\/french\/news_f\/news21_f\/ddgjp_16sep21_f.htm<\/a>&gt;.<\/li>\n<li>Cour des comptes europ\u00e9enne, \u00ab\u00a0Le syst\u00e8me d\u2019\u00e9change de quotas d\u2019\u00e9mission de l\u2019UE\u00a0: l\u2019allocation de quotas \u00e0 titre gratuit devrait \u00eatre mieux cibl\u00e9e\u00a0\u00bb (2020), en ligne (pdf)\u00a0: <em>Office des publications de l\u2019Union europ\u00e9enne<\/em> &lt;<a href=\"http:\/\/www.eca.europa.eu\/Lists\/ECADocuments\/SR20_18\/SR_EU-ETS_fr.pdf\" target=\"_blank\" rel=\"noopener\">www.eca.europa.eu\/Lists\/ECADocuments\/SR20_18\/SR_EU-ETS_fr.pdf<\/a>&gt;.<\/li>\n<li>Commission europ\u00e9enne, \u00ab\u00a0Revision for phase 4 (2021-2030)\u00a0\u00bb (derni\u00e8re consultation le 23\u00a0juin\u00a02022), en ligne\u00a0: &lt;<a href=\"http:\/\/ec.europa.eu\/clima\/eu-action\/eu-emissions-trading-system-eu-ets\/revision-phase-4-2021-2030_en\" target=\"_blank\" rel=\"noopener\">ec.europa.eu\/clima\/eu-action\/eu-emissions-trading-system-eu-ets\/revision-phase-4-2021-2030_en<\/a>&gt;.<\/li>\n<li>Organisation mondiale du commerce, <em>supra<\/em> note\u00a07.<\/li>\n<li>Organisation mondiale du commerce, \u00ab Article XX \u2013 General Exceptions \u00bb, en ligne (pdf) : <em>WTO<\/em> &lt;<a href=\"https:\/\/www.wto.org\/english\/res_e\/booksp_e\/gatt_ai_e\/art20_e.pdf\" target=\"_blank\" rel=\"noopener\">www.wto.org\/english\/res_e\/ booksp_e\/gatt_ai_e\/art20_e.pdf<\/a>&gt;.<\/li>\n<li>Organisation mondiale du commerce, \u00ab\u00a0European Communities \u2013 Measures Prohibiting the Importation and Marketing of Seal Products \u00bb (22\u00a0mai\u00a02014), en ligne (pdf)\u00a0: <em>WTO<\/em> &lt;<a href=\"https:\/\/docs.wto.org\/dol2fe\/Pages\/SS\/directdoc.aspx?filename=q:\/WT\/DS\/400ABR.pdf&amp;Open=True\" target=\"_blank\" rel=\"noopener\">docs.wto.org\/dol2fe\/Pages\/SS\/directdoc.aspx?filename=q:\/WT\/DS\/400ABR.pdf&amp;Open=True<\/a>&gt;.<\/li>\n<li>\u00ab\u00a0Multi-Party Interim Appeal Arbitration Arrangement (MPIA)\u00a0\u00bb (derni\u00e8re consultation le 23\u00a0juin\u00a02022), en ligne\u00a0:\u00a0<em>WTO Pluritaletrals<\/em> &lt;<a href=\"http:\/\/wtoplurilaterals.info\/plural_initiative\/the-mpia\/\" target=\"_blank\" rel=\"noopener\">wtoplurilaterals.info\/plural_initiative\/the-mpia\/<\/a>&gt;.<\/li>\n<\/ol>\n<p>&nbsp;<\/p>","protected":false},"excerpt":{"rendered":"<p>L\u2019int\u00e9r\u00eat pour les ajustements \u00e0 la fronti\u00e8re des tarifs du carbone (AFTC) s\u2019acc\u00e9l\u00e8re. L\u2019Union europ\u00e9enne a propos\u00e9 un m\u00e9canisme d\u2019ajustement \u00e0 la fronti\u00e8re des tarifs du carbone (MAFTC) en juillet dernier[2]. Le Canada a achev\u00e9 des consultations sur les AFTC [&hellip;]<\/p>\n","protected":false},"author":12,"featured_media":0,"comment_status":"open","ping_status":"open","sticky":false,"template":"","format":"standard","meta":{"_acf_changed":false,"jetpack_post_was_ever_published":false,"_jetpack_newsletter_access":"","_jetpack_dont_email_post_to_subs":false,"_jetpack_newsletter_tier_id":0,"_jetpack_memberships_contains_paywalled_content":false,"_jetpack_memberships_contains_paid_content":false,"footnotes":""},"categories":[10],"tags":[],"coauthors":[37,308,310],"class_list":["post-3957","post","type-post","status-publish","format-standard","hentry","category-articles","volume-volume-10-issue-2-2022"],"acf":[],"yoast_head":"<!-- This site is optimized with the Yoast SEO plugin v27.4 - https:\/\/yoast.com\/product\/yoast-seo-wordpress\/ -->\n<title>Une feuille de route pour des ajustements \u00e0 la fronti\u00e8re des tarifs du carbone en conformit\u00e9 avec les principes du droit commercial[1] - Publication trimestrielle sur la r\u00e8glementation de l\u2019\u00e9nergie<\/title>\n<meta name=\"robots\" content=\"index, follow, max-snippet:-1, max-image-preview:large, max-video-preview:-1\" \/>\n<link rel=\"canonical\" href=\"https:\/\/energyregulationquarterly.ca\/articles\/a-roadmap-for-trade-law-compliant-border-carbon-adjustments1\" \/>\n<meta property=\"og:locale\" content=\"fr_FR\" \/>\n<meta property=\"og:type\" content=\"article\" \/>\n<meta property=\"og:title\" content=\"[:en]A Roadmap for Trade-Law-Compliant Border Carbon Adjustments[1][:fr]Une feuille de route pour des ajustements \u00e0 la fronti\u00e8re des tarifs du carbone en conformit\u00e9 avec les principes du droit commercial[1][:] - Publication trimestrielle sur la r\u00e8glementation de l\u2019\u00e9nergie\" \/>\n<meta property=\"og:description\" content=\"L\u2019int\u00e9r\u00eat pour les ajustements \u00e0 la fronti\u00e8re des tarifs du carbone (AFTC) s\u2019acc\u00e9l\u00e8re. L\u2019Union europ\u00e9enne a propos\u00e9 un m\u00e9canisme d\u2019ajustement \u00e0 la fronti\u00e8re des tarifs du carbone (MAFTC) en juillet dernier[2]. Le Canada a achev\u00e9 des consultations sur les AFTC [&hellip;]\" \/>\n<meta property=\"og:url\" content=\"https:\/\/energyregulationquarterly.ca\/articles\/a-roadmap-for-trade-law-compliant-border-carbon-adjustments1\" \/>\n<meta property=\"og:site_name\" content=\"Publication trimestrielle sur la r\u00e8glementation de l\u2019\u00e9nergie\" \/>\n<meta property=\"article:published_time\" content=\"2022-07-20T17:18:55+00:00\" \/>\n<meta property=\"article:modified_time\" content=\"2022-07-22T14:44:43+00:00\" \/>\n<meta name=\"author\" content=\"Dr. Neil Campbell, William Pellerin, Tayler Farrell\" \/>\n<meta name=\"twitter:card\" content=\"summary_large_image\" \/>\n<meta name=\"twitter:label1\" content=\"\u00c9crit par\" \/>\n\t<meta name=\"twitter:data1\" content=\"Andrew McWiggan\" \/>\n\t<meta name=\"twitter:label2\" content=\"Dur\u00e9e de lecture estim\u00e9e\" \/>\n\t<meta name=\"twitter:data2\" content=\"7 minutes\" \/>\n\t<meta name=\"twitter:label3\" content=\"Written by\" \/>\n\t<meta name=\"twitter:data3\" content=\"Dr. Neil Campbell, William Pellerin, Tayler Farrell\" \/>\n<script type=\"application\/ld+json\" class=\"yoast-schema-graph\">{\"@context\":\"https:\\\/\\\/schema.org\",\"@graph\":[{\"@type\":\"Article\",\"@id\":\"https:\\\/\\\/energyregulationquarterly.ca\\\/articles\\\/a-roadmap-for-trade-law-compliant-border-carbon-adjustments1#article\",\"isPartOf\":{\"@id\":\"https:\\\/\\\/energyregulationquarterly.ca\\\/articles\\\/a-roadmap-for-trade-law-compliant-border-carbon-adjustments1\"},\"author\":{\"name\":\"Andrew McWiggan\",\"@id\":\"https:\\\/\\\/energyregulationquarterly.ca\\\/#\\\/schema\\\/person\\\/f8837d97ffa80e06b8a1ca83ef48aef7\"},\"headline\":\"Une feuille de route pour des ajustements \u00e0 la fronti\u00e8re des tarifs du carbone en conformit\u00e9 avec les principes du droit commercial[1]\",\"datePublished\":\"2022-07-20T17:18:55+00:00\",\"dateModified\":\"2022-07-22T14:44:43+00:00\",\"mainEntityOfPage\":{\"@id\":\"https:\\\/\\\/energyregulationquarterly.ca\\\/articles\\\/a-roadmap-for-trade-law-compliant-border-carbon-adjustments1\"},\"wordCount\":3063,\"commentCount\":0,\"articleSection\":[\"Articles\"],\"inLanguage\":\"fr-FR\",\"potentialAction\":[{\"@type\":\"CommentAction\",\"name\":\"Comment\",\"target\":[\"https:\\\/\\\/energyregulationquarterly.ca\\\/articles\\\/a-roadmap-for-trade-law-compliant-border-carbon-adjustments1#respond\"]}]},{\"@type\":\"WebPage\",\"@id\":\"https:\\\/\\\/energyregulationquarterly.ca\\\/articles\\\/a-roadmap-for-trade-law-compliant-border-carbon-adjustments1\",\"url\":\"https:\\\/\\\/energyregulationquarterly.ca\\\/articles\\\/a-roadmap-for-trade-law-compliant-border-carbon-adjustments1\",\"name\":\"[:en]A Roadmap for Trade-Law-Compliant Border Carbon Adjustments[1][:fr]Une feuille de route pour des ajustements \u00e0 la fronti\u00e8re des tarifs du carbone en conformit\u00e9 avec les principes du droit commercial[1][:] - Publication trimestrielle sur la r\u00e8glementation de l\u2019\u00e9nergie\",\"isPartOf\":{\"@id\":\"https:\\\/\\\/energyregulationquarterly.ca\\\/#website\"},\"datePublished\":\"2022-07-20T17:18:55+00:00\",\"dateModified\":\"2022-07-22T14:44:43+00:00\",\"author\":{\"@id\":\"https:\\\/\\\/energyregulationquarterly.ca\\\/#\\\/schema\\\/person\\\/f8837d97ffa80e06b8a1ca83ef48aef7\"},\"breadcrumb\":{\"@id\":\"https:\\\/\\\/energyregulationquarterly.ca\\\/articles\\\/a-roadmap-for-trade-law-compliant-border-carbon-adjustments1#breadcrumb\"},\"inLanguage\":\"fr-FR\",\"potentialAction\":[{\"@type\":\"ReadAction\",\"target\":[\"https:\\\/\\\/energyregulationquarterly.ca\\\/articles\\\/a-roadmap-for-trade-law-compliant-border-carbon-adjustments1\"]}]},{\"@type\":\"BreadcrumbList\",\"@id\":\"https:\\\/\\\/energyregulationquarterly.ca\\\/articles\\\/a-roadmap-for-trade-law-compliant-border-carbon-adjustments1#breadcrumb\",\"itemListElement\":[{\"@type\":\"ListItem\",\"position\":1,\"name\":\"Home\",\"item\":\"https:\\\/\\\/energyregulationquarterly.ca\\\/\"},{\"@type\":\"ListItem\",\"position\":2,\"name\":\"[:en]A Roadmap for Trade-Law-Compliant Border Carbon Adjustments[1][:fr]Une feuille de route pour des ajustements \u00e0 la fronti\u00e8re des tarifs du carbone en conformit\u00e9 avec les principes du droit commercial[1][:]\"}]},{\"@type\":\"WebSite\",\"@id\":\"https:\\\/\\\/energyregulationquarterly.ca\\\/#website\",\"url\":\"https:\\\/\\\/energyregulationquarterly.ca\\\/\",\"name\":\"Publication trimestrielle sur la r\u00e8glementation de l\u2019\u00e9nergie\",\"description\":\"Un forum pour discuter et d\u00e9battre des questions touchant les industries r\u00e8glement\u00e9es du secteur de l\u2019\u00e9nergie.\",\"potentialAction\":[{\"@type\":\"SearchAction\",\"target\":{\"@type\":\"EntryPoint\",\"urlTemplate\":\"https:\\\/\\\/energyregulationquarterly.ca\\\/?s={search_term_string}\"},\"query-input\":{\"@type\":\"PropertyValueSpecification\",\"valueRequired\":true,\"valueName\":\"search_term_string\"}}],\"inLanguage\":\"fr-FR\"},{\"@type\":\"Person\",\"@id\":\"https:\\\/\\\/energyregulationquarterly.ca\\\/#\\\/schema\\\/person\\\/f8837d97ffa80e06b8a1ca83ef48aef7\",\"name\":\"Andrew McWiggan\",\"url\":\"https:\\\/\\\/energyregulationquarterly.ca\\\/fr\\\/author\\\/andrew\"}]}<\/script>\n<!-- \/ Yoast SEO plugin. -->","yoast_head_json":{"title":"[:en]A Roadmap for Trade-Law-Compliant Border Carbon Adjustments[1][:fr]Une feuille de route pour des ajustements \u00e0 la fronti\u00e8re des tarifs du carbone en conformit\u00e9 avec les principes du droit commercial[1][:] - Publication trimestrielle sur la r\u00e8glementation de l\u2019\u00e9nergie","robots":{"index":"index","follow":"follow","max-snippet":"max-snippet:-1","max-image-preview":"max-image-preview:large","max-video-preview":"max-video-preview:-1"},"canonical":"https:\/\/energyregulationquarterly.ca\/articles\/a-roadmap-for-trade-law-compliant-border-carbon-adjustments1","og_locale":"fr_FR","og_type":"article","og_title":"[:en]A Roadmap for Trade-Law-Compliant Border Carbon Adjustments[1][:fr]Une feuille de route pour des ajustements \u00e0 la fronti\u00e8re des tarifs du carbone en conformit\u00e9 avec les principes du droit commercial[1][:] - Publication trimestrielle sur la r\u00e8glementation de l\u2019\u00e9nergie","og_description":"L\u2019int\u00e9r\u00eat pour les ajustements \u00e0 la fronti\u00e8re des tarifs du carbone (AFTC) s\u2019acc\u00e9l\u00e8re. L\u2019Union europ\u00e9enne a propos\u00e9 un m\u00e9canisme d\u2019ajustement \u00e0 la fronti\u00e8re des tarifs du carbone (MAFTC) en juillet dernier[2]. Le Canada a achev\u00e9 des consultations sur les AFTC [&hellip;]","og_url":"https:\/\/energyregulationquarterly.ca\/articles\/a-roadmap-for-trade-law-compliant-border-carbon-adjustments1","og_site_name":"Publication trimestrielle sur la r\u00e8glementation de l\u2019\u00e9nergie","article_published_time":"2022-07-20T17:18:55+00:00","article_modified_time":"2022-07-22T14:44:43+00:00","author":"Dr. Neil Campbell, William Pellerin, Tayler Farrell","twitter_card":"summary_large_image","twitter_misc":{"\u00c9crit par":"Andrew McWiggan","Dur\u00e9e de lecture estim\u00e9e":"7 minutes","Written by":"Dr. Neil Campbell, William Pellerin, Tayler Farrell"},"schema":{"@context":"https:\/\/schema.org","@graph":[{"@type":"Article","@id":"https:\/\/energyregulationquarterly.ca\/articles\/a-roadmap-for-trade-law-compliant-border-carbon-adjustments1#article","isPartOf":{"@id":"https:\/\/energyregulationquarterly.ca\/articles\/a-roadmap-for-trade-law-compliant-border-carbon-adjustments1"},"author":{"name":"Andrew McWiggan","@id":"https:\/\/energyregulationquarterly.ca\/#\/schema\/person\/f8837d97ffa80e06b8a1ca83ef48aef7"},"headline":"Une feuille de route pour des ajustements \u00e0 la fronti\u00e8re des tarifs du carbone en conformit\u00e9 avec les principes du droit commercial[1]","datePublished":"2022-07-20T17:18:55+00:00","dateModified":"2022-07-22T14:44:43+00:00","mainEntityOfPage":{"@id":"https:\/\/energyregulationquarterly.ca\/articles\/a-roadmap-for-trade-law-compliant-border-carbon-adjustments1"},"wordCount":3063,"commentCount":0,"articleSection":["Articles"],"inLanguage":"fr-FR","potentialAction":[{"@type":"CommentAction","name":"Comment","target":["https:\/\/energyregulationquarterly.ca\/articles\/a-roadmap-for-trade-law-compliant-border-carbon-adjustments1#respond"]}]},{"@type":"WebPage","@id":"https:\/\/energyregulationquarterly.ca\/articles\/a-roadmap-for-trade-law-compliant-border-carbon-adjustments1","url":"https:\/\/energyregulationquarterly.ca\/articles\/a-roadmap-for-trade-law-compliant-border-carbon-adjustments1","name":"[:en]A Roadmap for Trade-Law-Compliant Border Carbon Adjustments[1][:fr]Une feuille de route pour des ajustements \u00e0 la fronti\u00e8re des tarifs du carbone en conformit\u00e9 avec les principes du droit commercial[1][:] - Publication trimestrielle sur la r\u00e8glementation de l\u2019\u00e9nergie","isPartOf":{"@id":"https:\/\/energyregulationquarterly.ca\/#website"},"datePublished":"2022-07-20T17:18:55+00:00","dateModified":"2022-07-22T14:44:43+00:00","author":{"@id":"https:\/\/energyregulationquarterly.ca\/#\/schema\/person\/f8837d97ffa80e06b8a1ca83ef48aef7"},"breadcrumb":{"@id":"https:\/\/energyregulationquarterly.ca\/articles\/a-roadmap-for-trade-law-compliant-border-carbon-adjustments1#breadcrumb"},"inLanguage":"fr-FR","potentialAction":[{"@type":"ReadAction","target":["https:\/\/energyregulationquarterly.ca\/articles\/a-roadmap-for-trade-law-compliant-border-carbon-adjustments1"]}]},{"@type":"BreadcrumbList","@id":"https:\/\/energyregulationquarterly.ca\/articles\/a-roadmap-for-trade-law-compliant-border-carbon-adjustments1#breadcrumb","itemListElement":[{"@type":"ListItem","position":1,"name":"Home","item":"https:\/\/energyregulationquarterly.ca\/"},{"@type":"ListItem","position":2,"name":"[:en]A Roadmap for Trade-Law-Compliant Border Carbon Adjustments[1][:fr]Une feuille de route pour des ajustements \u00e0 la fronti\u00e8re des tarifs du carbone en conformit\u00e9 avec les principes du droit commercial[1][:]"}]},{"@type":"WebSite","@id":"https:\/\/energyregulationquarterly.ca\/#website","url":"https:\/\/energyregulationquarterly.ca\/","name":"Publication trimestrielle sur la r\u00e8glementation de l\u2019\u00e9nergie","description":"Un forum pour discuter et d\u00e9battre des questions touchant les industries r\u00e8glement\u00e9es du secteur de l\u2019\u00e9nergie.","potentialAction":[{"@type":"SearchAction","target":{"@type":"EntryPoint","urlTemplate":"https:\/\/energyregulationquarterly.ca\/?s={search_term_string}"},"query-input":{"@type":"PropertyValueSpecification","valueRequired":true,"valueName":"search_term_string"}}],"inLanguage":"fr-FR"},{"@type":"Person","@id":"https:\/\/energyregulationquarterly.ca\/#\/schema\/person\/f8837d97ffa80e06b8a1ca83ef48aef7","name":"Andrew McWiggan","url":"https:\/\/energyregulationquarterly.ca\/fr\/author\/andrew"}]}},"jetpack_featured_media_url":"","jetpack_sharing_enabled":true,"jetpack_shortlink":"https:\/\/wp.me\/p4ekrL-11P","_links":{"self":[{"href":"https:\/\/energyregulationquarterly.ca\/fr\/wp-json\/wp\/v2\/posts\/3957","targetHints":{"allow":["GET"]}}],"collection":[{"href":"https:\/\/energyregulationquarterly.ca\/fr\/wp-json\/wp\/v2\/posts"}],"about":[{"href":"https:\/\/energyregulationquarterly.ca\/fr\/wp-json\/wp\/v2\/types\/post"}],"author":[{"embeddable":true,"href":"https:\/\/energyregulationquarterly.ca\/fr\/wp-json\/wp\/v2\/users\/12"}],"replies":[{"embeddable":true,"href":"https:\/\/energyregulationquarterly.ca\/fr\/wp-json\/wp\/v2\/comments?post=3957"}],"version-history":[{"count":11,"href":"https:\/\/energyregulationquarterly.ca\/fr\/wp-json\/wp\/v2\/posts\/3957\/revisions"}],"predecessor-version":[{"id":4047,"href":"https:\/\/energyregulationquarterly.ca\/fr\/wp-json\/wp\/v2\/posts\/3957\/revisions\/4047"}],"wp:attachment":[{"href":"https:\/\/energyregulationquarterly.ca\/fr\/wp-json\/wp\/v2\/media?parent=3957"}],"wp:term":[{"taxonomy":"category","embeddable":true,"href":"https:\/\/energyregulationquarterly.ca\/fr\/wp-json\/wp\/v2\/categories?post=3957"},{"taxonomy":"post_tag","embeddable":true,"href":"https:\/\/energyregulationquarterly.ca\/fr\/wp-json\/wp\/v2\/tags?post=3957"},{"taxonomy":"author","embeddable":true,"href":"https:\/\/energyregulationquarterly.ca\/fr\/wp-json\/wp\/v2\/coauthors?post=3957"}],"curies":[{"name":"wp","href":"https:\/\/api.w.org\/{rel}","templated":true}]}}